{"id":72248,"date":"2025-12-05T14:15:15","date_gmt":"2025-12-05T11:15:15","guid":{"rendered":"https:\/\/www.egemtv.com\/?p=72248"},"modified":"2025-12-05T14:15:16","modified_gmt":"2025-12-05T11:15:16","slug":"afyonkarahisarda-20-kisinin-yaralandigi-kaza-ani-kamerada","status":"publish","type":"post","link":"https:\/\/www.egemtv.com\/?p=72248","title":{"rendered":"Afyonkarahisar\u2019da 20 ki\u015finin yaraland\u0131\u011f\u0131 kaza an\u0131 kamerada"},"content":{"rendered":"<p>Afyonkarahisar\u2019da 20 ki\u015finin yaraland\u0131\u011f\u0131 trafik kazas\u0131n\u0131n g\u00f6r\u00fcnt\u00fcleri ortaya \u00e7\u0131kt\u0131.<br \/>\n<br \/>Emirda\u011f il\u00e7esi Karacalar Kav\u015fa\u011f\u0131\u2019nda sabah erken saatlerde \u00f6\u011frenci servisi, t\u0131r ve hafif ticari arac\u0131n kar\u0131\u015ft\u0131\u011f\u0131 trafik kazas\u0131nda 20 ki\u015fi yaralanm\u0131\u015ft\u0131. Yaral\u0131lardan 5\u2019inin ayakta tedavi edildi\u011fi kazan\u0131n g\u00fcvenlik kameras\u0131na yans\u0131yan g\u00f6r\u00fcnt\u00fcleri ortaya \u00e7\u0131kt\u0131. G\u00f6r\u00fcnt\u00fclerde k\u0131rm\u0131z\u0131 \u0131\u015f\u0131kta bekleyen \u00f6\u011frenci servisine arkadan gelen t\u0131r\u0131n \u00e7arpt\u0131\u011f\u0131, ard\u0131ndan savrulan servis arac\u0131n\u0131n ise \u00f6n\u00fcndeki hafif ticari araca \u00e7arpt\u0131\u011f\u0131 g\u00f6r\u00fcld\u00fc. G\u00f6r\u00fcnt\u00fcler, facian\u0131n ucuz atlat\u0131ld\u0131\u011f\u0131n\u0131 g\u00f6zler \u00f6n\u00fcne serdi.<br \/>\n<br \/>Kazayla ilgili jandarma taraf\u0131ndan ba\u015flat\u0131lan incelemeler devam ediyor.<br \/><\/p>\n","protected":false},"excerpt":{"rendered":"<p>Afyonkarahisar\u2019da 20 ki\u015finin yaraland\u0131\u011f\u0131 trafik kazas\u0131n\u0131n g\u00f6r\u00fcnt\u00fcleri ortaya \u00e7\u0131kt\u0131. Emirda\u011f il\u00e7esi Karacalar Kav\u015fa\u011f\u0131\u2019nda sabah erken saatlerde \u00f6\u011frenci servisi, t\u0131r ve hafif ticari arac\u0131n kar\u0131\u015ft\u0131\u011f\u0131 trafik kazas\u0131nda 20 ki\u015fi yaralanm\u0131\u015ft\u0131. Yaral\u0131lardan 5\u2019inin ayakta tedavi edildi\u011fi kazan\u0131n g\u00fcvenlik kameras\u0131na yans\u0131yan g\u00f6r\u00fcnt\u00fcleri ortaya \u00e7\u0131kt\u0131. G\u00f6r\u00fcnt\u00fclerde k\u0131rm\u0131z\u0131 \u0131\u015f\u0131kta bekleyen \u00f6\u011frenci servisine arkadan gelen t\u0131r\u0131n \u00e7arpt\u0131\u011f\u0131, ard\u0131ndan savrulan servis arac\u0131n\u0131n&#8230;<\/p>\n","protected":false},"author":1,"featured_media":72249,"comment_status":"open","ping_status":"open","sticky":false,"template":"","format":"standard","meta":{"_crdt_document":"","footnotes":""},"categories":[5],"tags":[],"class_list":["post-72248","post","type-post","status-publish","format-standard","has-post-thumbnail","hentry","category-asayis"],"_links":{"self":[{"href":"https:\/\/www.egemtv.com\/index.php?rest_route=\/wp\/v2\/posts\/72248","targetHints":{"allow":["GET"]}}],"collection":[{"href":"https:\/\/www.egemtv.com\/index.php?rest_route=\/wp\/v2\/posts"}],"about":[{"href":"https:\/\/www.egemtv.com\/index.php?rest_route=\/wp\/v2\/types\/post"}],"author":[{"embeddable":true,"href":"https:\/\/www.egemtv.com\/index.php?rest_route=\/wp\/v2\/users\/1"}],"replies":[{"embeddable":true,"href":"https:\/\/www.egemtv.com\/index.php?rest_route=%2Fwp%2Fv2%2Fcomments&post=72248"}],"version-history":[{"count":1,"href":"https:\/\/www.egemtv.com\/index.php?rest_route=\/wp\/v2\/posts\/72248\/revisions"}],"predecessor-version":[{"id":72250,"href":"https:\/\/www.egemtv.com\/index.php?rest_route=\/wp\/v2\/posts\/72248\/revisions\/72250"}],"wp:featuredmedia":[{"embeddable":true,"href":"https:\/\/www.egemtv.com\/index.php?rest_route=\/wp\/v2\/media\/72249"}],"wp:attachment":[{"href":"https:\/\/www.egemtv.com\/index.php?rest_route=%2Fwp%2Fv2%2Fmedia&parent=72248"}],"wp:term":[{"taxonomy":"category","embeddable":true,"href":"https:\/\/www.egemtv.com\/index.php?rest_route=%2Fwp%2Fv2%2Fcategories&post=72248"},{"taxonomy":"post_tag","embeddable":true,"href":"https:\/\/www.egemtv.com\/index.php?rest_route=%2Fwp%2Fv2%2Ftags&post=72248"}],"curies":[{"name":"wp","href":"https:\/\/api.w.org\/{rel}","templated":true}]}}