{"id":72245,"date":"2025-12-05T14:15:14","date_gmt":"2025-12-05T11:15:14","guid":{"rendered":"https:\/\/www.egemtv.com\/?p=72245"},"modified":"2025-12-05T14:15:15","modified_gmt":"2025-12-05T11:15:15","slug":"bodrumda-selin-ardindan-firtina-tekneler-karaya-oturdu-denizin-rengi-degisti","status":"publish","type":"post","link":"https:\/\/www.egemtv.com\/?p=72245","title":{"rendered":"Bodrum\u2019da selin ard\u0131ndan f\u0131rt\u0131na: &#8220;Tekneler karaya oturdu, denizin rengi de\u011fi\u015fti&#8221;"},"content":{"rendered":"<p>Mu\u011fla\u2019n\u0131n Bodrum il\u00e7esinde sabah saatlerinde ba\u015flayan sa\u011fanak sonras\u0131 cadde ve sokaklar g\u00f6le d\u00f6nd\u00fc, ara\u00e7lar yolda kald\u0131. Sel kabusunun ard\u0131ndan etkisini art\u0131ran f\u0131rt\u0131na, zaman zaman 80 kilometreye ula\u015fan \u015fiddetiyle tekneleri karaya s\u00fcr\u00fckledi, bal\u0131k\u00e7\u0131 teknelerinden baz\u0131lar\u0131 batt\u0131. Derelerin ta\u015fmas\u0131 sonucu 11 ev ve i\u015f yeri su alt\u0131nda kal\u0131rken belediye ekipleri yo\u011fun bir \u015fekilde tahliye \u00e7al\u0131\u015fmas\u0131 yapt\u0131.<\/p>\n<p>\u0130l\u00e7ede ya\u011f\u0131\u015f\u0131n ard\u0131ndan masmavi deniz kahverengiye d\u00f6nd\u00fc. Denizin yar\u0131s\u0131n\u0131n mavi di\u011fer yar\u0131s\u0131n\u0131n kahverengi g\u00f6r\u00fcnmesi dikkat \u00e7ekerken, derelerden gelen \u00e7amurlu su ve yapraklarla t\u0131kanan dere a\u011f\u0131zlar\u0131na ekipler m\u00fcdahale etti. Da\u011fdan s\u00fcr\u00fcklenen \u00e7er\u00e7\u00f6p denizle ulu\u015funca sahil boyunca kirli bir g\u00f6r\u00fcnt\u00fc olu\u015ftu.<\/p>\n<p>F\u0131rt\u0131nan\u0131n h\u0131z\u0131n\u0131n 70 kilometreyi bulmas\u0131yla birlikte \u00f6zellikle k\u00fc\u00e7\u00fck bal\u0131k\u00e7\u0131 tekneleri dalgalar\u0131n etkisiyle batarken, G\u00fcmbet sahilinde iki tekne ve bir bot karaya oturdu. B\u00fcy\u00fck yatlar da \u015fiddetli r\u00fczgar nedeniyle s\u00fcr\u00fcklenerek karaya yasland\u0131.<\/p>\n<p>Bodrum Kaymakaml\u0131\u011f\u0131, geceden itibaren t\u00fcm kurum ve kurulu\u015flara teyakkuz \u00e7a\u011fr\u0131s\u0131 yapt\u0131. \u0130l\u00e7e Emniyet M\u00fcd\u00fcrl\u00fc\u011f\u00fc ve jandarma ekipleri bir\u00e7ok sokakta devriye atarak vatanda\u015flar\u0131 uyard\u0131. Ya\u011f\u0131\u015f nedeniyle 6 saatte metrekareye 25,6 kilogram ya\u011f\u0131\u015f d\u00fc\u015ft\u00fc\u011f\u00fc bildirildi. F\u0131rt\u0131na ve sa\u011fanak ya\u011f\u0131\u015f\u0131n aral\u0131klarla devam etmesi bekleniyor.<br \/><\/p>\n","protected":false},"excerpt":{"rendered":"<p>Mu\u011fla\u2019n\u0131n Bodrum il\u00e7esinde sabah saatlerinde ba\u015flayan sa\u011fanak sonras\u0131 cadde ve sokaklar g\u00f6le d\u00f6nd\u00fc, ara\u00e7lar yolda kald\u0131. Sel kabusunun ard\u0131ndan etkisini art\u0131ran f\u0131rt\u0131na, zaman zaman 80 kilometreye ula\u015fan \u015fiddetiyle tekneleri karaya s\u00fcr\u00fckledi, bal\u0131k\u00e7\u0131 teknelerinden baz\u0131lar\u0131 batt\u0131. Derelerin ta\u015fmas\u0131 sonucu 11 ev ve i\u015f yeri su alt\u0131nda kal\u0131rken belediye ekipleri yo\u011fun bir \u015fekilde tahliye \u00e7al\u0131\u015fmas\u0131 yapt\u0131. \u0130l\u00e7ede&#8230;<\/p>\n","protected":false},"author":1,"featured_media":72246,"comment_status":"open","ping_status":"open","sticky":false,"template":"","format":"standard","meta":{"_crdt_document":"","footnotes":""},"categories":[1],"tags":[],"class_list":["post-72245","post","type-post","status-publish","format-standard","has-post-thumbnail","hentry","category-guncel"],"_links":{"self":[{"href":"https:\/\/www.egemtv.com\/index.php?rest_route=\/wp\/v2\/posts\/72245","targetHints":{"allow":["GET"]}}],"collection":[{"href":"https:\/\/www.egemtv.com\/index.php?rest_route=\/wp\/v2\/posts"}],"about":[{"href":"https:\/\/www.egemtv.com\/index.php?rest_route=\/wp\/v2\/types\/post"}],"author":[{"embeddable":true,"href":"https:\/\/www.egemtv.com\/index.php?rest_route=\/wp\/v2\/users\/1"}],"replies":[{"embeddable":true,"href":"https:\/\/www.egemtv.com\/index.php?rest_route=%2Fwp%2Fv2%2Fcomments&post=72245"}],"version-history":[{"count":1,"href":"https:\/\/www.egemtv.com\/index.php?rest_route=\/wp\/v2\/posts\/72245\/revisions"}],"predecessor-version":[{"id":72247,"href":"https:\/\/www.egemtv.com\/index.php?rest_route=\/wp\/v2\/posts\/72245\/revisions\/72247"}],"wp:featuredmedia":[{"embeddable":true,"href":"https:\/\/www.egemtv.com\/index.php?rest_route=\/wp\/v2\/media\/72246"}],"wp:attachment":[{"href":"https:\/\/www.egemtv.com\/index.php?rest_route=%2Fwp%2Fv2%2Fmedia&parent=72245"}],"wp:term":[{"taxonomy":"category","embeddable":true,"href":"https:\/\/www.egemtv.com\/index.php?rest_route=%2Fwp%2Fv2%2Fcategories&post=72245"},{"taxonomy":"post_tag","embeddable":true,"href":"https:\/\/www.egemtv.com\/index.php?rest_route=%2Fwp%2Fv2%2Ftags&post=72245"}],"curies":[{"name":"wp","href":"https:\/\/api.w.org\/{rel}","templated":true}]}}