{"id":72242,"date":"2025-12-05T14:15:13","date_gmt":"2025-12-05T11:15:13","guid":{"rendered":"https:\/\/www.egemtv.com\/?p=72242"},"modified":"2025-12-05T14:15:14","modified_gmt":"2025-12-05T11:15:14","slug":"acik-kapi-muglada-siddetle-mucadele-bilgilendirmesi-yapti","status":"publish","type":"post","link":"https:\/\/www.egemtv.com\/?p=72242","title":{"rendered":"A\u00e7\u0131k Kap\u0131 Mu\u011fla\u2019da \u015fiddetle m\u00fccadele bilgilendirmesi yapt\u0131"},"content":{"rendered":"<p>Mu\u011fla Valili\u011fi A\u00e7\u0131k Kap\u0131 \u015eube M\u00fcd\u00fcrl\u00fc\u011f\u00fc, il genelinde kurdu\u011fu bilgilendirme stantlar\u0131nda vatanda\u015flar\u0131 aile i\u00e7i ve kad\u0131na y\u00f6nelik \u015fiddetle m\u00fccadele yollar\u0131 hakk\u0131nda bilgilendirdi.<\/p>\n<p>Mu\u011fla Valili\u011fi A\u00e7\u0131k Kap\u0131 \u015eube M\u00fcd\u00fcrl\u00fc\u011f\u00fc, kad\u0131na y\u00f6nelik \u015fiddetle m\u00fccadele konusunda fark\u0131ndal\u0131\u011f\u0131 art\u0131rmak ve ba\u015fvuru mekanizmalar\u0131n\u0131 tan\u0131tmak amac\u0131yla yo\u011fun bir saha \u00e7al\u0131\u015fmas\u0131 ger\u00e7ekle\u015ftirdi. \u0130nsanlar\u0131n yo\u011fun olarak bulundu\u011fu pazar yerleri, al\u0131\u015fveri\u015f merkezleri, parklar ve meydanlar gibi merkezi noktalarda stantlar kuruldu.<\/p>\n<p>Kurulan stantlarda vatanda\u015flara y\u00f6nelik el bro\u015f\u00fcrleri da\u011f\u0131t\u0131l\u0131rken, \u015fiddet ma\u011fdurlar\u0131n\u0131n ilk olarak ba\u015fvurabilece\u011fi y\u00f6ntemler detayl\u0131ca anlat\u0131ld\u0131.<br \/>\n<br \/>Bilgilendirmelerde, kad\u0131na y\u00f6nelik \u015fiddet olaylar\u0131nda birinci m\u00fcracaat\u0131n KADES (Kad\u0131n Destek Uygulamas\u0131) \u00fczerinden yap\u0131lmas\u0131 gerekti\u011fi \u00f6zellikle hat\u0131rlat\u0131ld\u0131. Ayr\u0131ca, vatanda\u015flar\u0131n ya\u015fad\u0131klar\u0131 sorunlar veya tan\u0131k olduklar\u0131 \u015fiddet olaylar\u0131 i\u00e7in Valilik ve Kaymakaml\u0131klarda bulunan A\u00e7\u0131k Kap\u0131 birimlerine de ba\u015fvurabilece\u011fi belirtildi.<\/p>\n<p>Bu \u00f6nemli bilgilendirme faaliyeti, yaln\u0131zca A\u00e7\u0131k Kap\u0131 \u015eube M\u00fcd\u00fcrl\u00fc\u011f\u00fc taraf\u0131ndan de\u011fil, ayn\u0131 zamanda ilgili kamu kurumlar\u0131n\u0131n i\u015f birli\u011fiyle y\u00fcr\u00fct\u00fcld\u00fc. Stantlar Emniyet, Jandarma, Aile ve Sosyal Hizmetler \u0130l M\u00fcd\u00fcrl\u00fc\u011f\u00fc ile ortakla\u015fa a\u00e7\u0131larak, \u00e7ok y\u00f6nl\u00fc bir destek ve bilgilendirme hizmeti sunuldu.<br \/><\/p>\n","protected":false},"excerpt":{"rendered":"<p>Mu\u011fla Valili\u011fi A\u00e7\u0131k Kap\u0131 \u015eube M\u00fcd\u00fcrl\u00fc\u011f\u00fc, il genelinde kurdu\u011fu bilgilendirme stantlar\u0131nda vatanda\u015flar\u0131 aile i\u00e7i ve kad\u0131na y\u00f6nelik \u015fiddetle m\u00fccadele yollar\u0131 hakk\u0131nda bilgilendirdi. Mu\u011fla Valili\u011fi A\u00e7\u0131k Kap\u0131 \u015eube M\u00fcd\u00fcrl\u00fc\u011f\u00fc, kad\u0131na y\u00f6nelik \u015fiddetle m\u00fccadele konusunda fark\u0131ndal\u0131\u011f\u0131 art\u0131rmak ve ba\u015fvuru mekanizmalar\u0131n\u0131 tan\u0131tmak amac\u0131yla yo\u011fun bir saha \u00e7al\u0131\u015fmas\u0131 ger\u00e7ekle\u015ftirdi. \u0130nsanlar\u0131n yo\u011fun olarak bulundu\u011fu pazar yerleri, al\u0131\u015fveri\u015f merkezleri, parklar ve&#8230;<\/p>\n","protected":false},"author":1,"featured_media":72243,"comment_status":"open","ping_status":"open","sticky":false,"template":"","format":"standard","meta":{"_crdt_document":"","footnotes":""},"categories":[1],"tags":[],"class_list":["post-72242","post","type-post","status-publish","format-standard","has-post-thumbnail","hentry","category-guncel"],"_links":{"self":[{"href":"https:\/\/www.egemtv.com\/index.php?rest_route=\/wp\/v2\/posts\/72242","targetHints":{"allow":["GET"]}}],"collection":[{"href":"https:\/\/www.egemtv.com\/index.php?rest_route=\/wp\/v2\/posts"}],"about":[{"href":"https:\/\/www.egemtv.com\/index.php?rest_route=\/wp\/v2\/types\/post"}],"author":[{"embeddable":true,"href":"https:\/\/www.egemtv.com\/index.php?rest_route=\/wp\/v2\/users\/1"}],"replies":[{"embeddable":true,"href":"https:\/\/www.egemtv.com\/index.php?rest_route=%2Fwp%2Fv2%2Fcomments&post=72242"}],"version-history":[{"count":1,"href":"https:\/\/www.egemtv.com\/index.php?rest_route=\/wp\/v2\/posts\/72242\/revisions"}],"predecessor-version":[{"id":72244,"href":"https:\/\/www.egemtv.com\/index.php?rest_route=\/wp\/v2\/posts\/72242\/revisions\/72244"}],"wp:featuredmedia":[{"embeddable":true,"href":"https:\/\/www.egemtv.com\/index.php?rest_route=\/wp\/v2\/media\/72243"}],"wp:attachment":[{"href":"https:\/\/www.egemtv.com\/index.php?rest_route=%2Fwp%2Fv2%2Fmedia&parent=72242"}],"wp:term":[{"taxonomy":"category","embeddable":true,"href":"https:\/\/www.egemtv.com\/index.php?rest_route=%2Fwp%2Fv2%2Fcategories&post=72242"},{"taxonomy":"post_tag","embeddable":true,"href":"https:\/\/www.egemtv.com\/index.php?rest_route=%2Fwp%2Fv2%2Ftags&post=72242"}],"curies":[{"name":"wp","href":"https:\/\/api.w.org\/{rel}","templated":true}]}}