{"id":72239,"date":"2025-12-05T13:54:46","date_gmt":"2025-12-05T10:54:46","guid":{"rendered":"https:\/\/www.egemtv.com\/?p=72239"},"modified":"2025-12-05T13:54:47","modified_gmt":"2025-12-05T10:54:47","slug":"marmariste-iskeleye-carpan-tekne-karaya-oturdu","status":"publish","type":"post","link":"https:\/\/www.egemtv.com\/?p=72239","title":{"rendered":"Marmaris\u2019te iskeleye \u00e7arpan tekne karaya oturdu"},"content":{"rendered":"<p>Mu\u011fla\u2019n\u0131n Marmaris il\u00e7esinde etkili olan sa\u011fanak ya\u011f\u0131\u015f ve f\u0131rt\u0131na sebebiyle iskeleye \u00e7arpan bir gezi teknesi karaya otururken sabah saatlerinden bu yana karaya oturan tekne say\u0131s\u0131 4\u2019e y\u00fckseldi.<\/p>\n<p>Marmaris il\u00e7esinde d\u00fcn gece ba\u015flayan sa\u011fanak ya\u011f\u0131\u015f ve f\u0131rt\u0131na sabah saatlerinden itibaren etkisini art\u0131r\u0131rken, denizde de etkisini g\u00f6steren f\u0131rt\u0131na sebebiyle baz\u0131 tekneler de s\u00fcr\u00fcklendi. Sabah saatlerinde T\u00fcrk bayrakl\u0131 3 gezi teknesi Hisar\u00f6n\u00fc K\u00f6rfezi \u0130nb\u00fck\u00fc Koyu\u2019nda karaya oturmu\u015ftu. A\u011f\u0131r hava \u015fartlar\u0131 nedeniyle s\u00fcr\u00fcklenerek karaya oturan Granitsa, Kastabos ve Wiseone isimli 3 gezinti teknesinin ard\u0131ndan, Uzunyal\u0131 mevkiinde de 1 gezi teknesinin iskeleye \u00e7arparak karaya oturdu\u011fu bilgisine ula\u015f\u0131ld\u0131. Yap\u0131lan incelemelerde teknede herhangi bir can kayb\u0131 ve \u00e7evre kirlili\u011fi ya\u015fanmazken, ekipler olumsuzluklara kar\u015f\u0131 devriyelerine devam ediyor.<br \/><\/p>\n","protected":false},"excerpt":{"rendered":"<p>Mu\u011fla\u2019n\u0131n Marmaris il\u00e7esinde etkili olan sa\u011fanak ya\u011f\u0131\u015f ve f\u0131rt\u0131na sebebiyle iskeleye \u00e7arpan bir gezi teknesi karaya otururken sabah saatlerinden bu yana karaya oturan tekne say\u0131s\u0131 4\u2019e y\u00fckseldi. Marmaris il\u00e7esinde d\u00fcn gece ba\u015flayan sa\u011fanak ya\u011f\u0131\u015f ve f\u0131rt\u0131na sabah saatlerinden itibaren etkisini art\u0131r\u0131rken, denizde de etkisini g\u00f6steren f\u0131rt\u0131na sebebiyle baz\u0131 tekneler de s\u00fcr\u00fcklendi. Sabah saatlerinde T\u00fcrk bayrakl\u0131&#8230;<\/p>\n","protected":false},"author":1,"featured_media":72240,"comment_status":"open","ping_status":"open","sticky":false,"template":"","format":"standard","meta":{"_crdt_document":"","footnotes":""},"categories":[1],"tags":[],"class_list":["post-72239","post","type-post","status-publish","format-standard","has-post-thumbnail","hentry","category-guncel"],"_links":{"self":[{"href":"https:\/\/www.egemtv.com\/index.php?rest_route=\/wp\/v2\/posts\/72239","targetHints":{"allow":["GET"]}}],"collection":[{"href":"https:\/\/www.egemtv.com\/index.php?rest_route=\/wp\/v2\/posts"}],"about":[{"href":"https:\/\/www.egemtv.com\/index.php?rest_route=\/wp\/v2\/types\/post"}],"author":[{"embeddable":true,"href":"https:\/\/www.egemtv.com\/index.php?rest_route=\/wp\/v2\/users\/1"}],"replies":[{"embeddable":true,"href":"https:\/\/www.egemtv.com\/index.php?rest_route=%2Fwp%2Fv2%2Fcomments&post=72239"}],"version-history":[{"count":1,"href":"https:\/\/www.egemtv.com\/index.php?rest_route=\/wp\/v2\/posts\/72239\/revisions"}],"predecessor-version":[{"id":72241,"href":"https:\/\/www.egemtv.com\/index.php?rest_route=\/wp\/v2\/posts\/72239\/revisions\/72241"}],"wp:featuredmedia":[{"embeddable":true,"href":"https:\/\/www.egemtv.com\/index.php?rest_route=\/wp\/v2\/media\/72240"}],"wp:attachment":[{"href":"https:\/\/www.egemtv.com\/index.php?rest_route=%2Fwp%2Fv2%2Fmedia&parent=72239"}],"wp:term":[{"taxonomy":"category","embeddable":true,"href":"https:\/\/www.egemtv.com\/index.php?rest_route=%2Fwp%2Fv2%2Fcategories&post=72239"},{"taxonomy":"post_tag","embeddable":true,"href":"https:\/\/www.egemtv.com\/index.php?rest_route=%2Fwp%2Fv2%2Ftags&post=72239"}],"curies":[{"name":"wp","href":"https:\/\/api.w.org\/{rel}","templated":true}]}}