{"id":72236,"date":"2025-12-05T13:54:45","date_gmt":"2025-12-05T10:54:45","guid":{"rendered":"https:\/\/www.egemtv.com\/?p=72236"},"modified":"2025-12-05T13:54:46","modified_gmt":"2025-12-05T10:54:46","slug":"kontrolden-cikan-minibus-devrildi-1-yarali","status":"publish","type":"post","link":"https:\/\/www.egemtv.com\/?p=72236","title":{"rendered":"Kontrolden \u00e7\u0131kan minib\u00fcs devrildi; 1 yaral\u0131"},"content":{"rendered":"<p>Denizli\u2019nin Buldan il\u00e7esinde seyir halindeyken kontrol \u00e7\u0131kan minib\u00fcs\u00fcn devrilmesi sonucu meydana gelen kazada s\u00fcr\u00fcc\u00fc yaraland\u0131.<\/p>\n<p>Kaza, Buldan il\u00e7esi Manisa-Denizli karayolu Yenicekent Mahallesi mevkiinde meydana geldi. Edinilen bilgilere g\u00f6re; Manisa istikametinden Denizli istikametine seyir halinde olan minib\u00fcs yolun sa\u011f\u0131na devrildi. Kazay\u0131 g\u00f6ren \u00e7evredeki vatanda\u015flar\u0131n ihbar\u0131 \u00fczerine b\u00f6lgeye sa\u011fl\u0131k ve polis ekipleri sevk edildi.<\/p>\n<p>B\u00f6lgeye gelen sa\u011fl\u0131k ekipleri minib\u00fcs s\u00fcr\u00fcc\u00fcne olay yerinde m\u00fcdahalelerin ard\u0131ndan ambulans ile en yak\u0131n hastaneye sevk etti. Kaza ile ilgili soru\u015fturma ba\u015flat\u0131ld\u0131.<br \/><\/p>\n","protected":false},"excerpt":{"rendered":"<p>Denizli\u2019nin Buldan il\u00e7esinde seyir halindeyken kontrol \u00e7\u0131kan minib\u00fcs\u00fcn devrilmesi sonucu meydana gelen kazada s\u00fcr\u00fcc\u00fc yaraland\u0131. Kaza, Buldan il\u00e7esi Manisa-Denizli karayolu Yenicekent Mahallesi mevkiinde meydana geldi. Edinilen bilgilere g\u00f6re; Manisa istikametinden Denizli istikametine seyir halinde olan minib\u00fcs yolun sa\u011f\u0131na devrildi. Kazay\u0131 g\u00f6ren \u00e7evredeki vatanda\u015flar\u0131n ihbar\u0131 \u00fczerine b\u00f6lgeye sa\u011fl\u0131k ve polis ekipleri sevk edildi. B\u00f6lgeye gelen sa\u011fl\u0131k&#8230;<\/p>\n","protected":false},"author":1,"featured_media":72237,"comment_status":"open","ping_status":"open","sticky":false,"template":"","format":"standard","meta":{"_crdt_document":"","footnotes":""},"categories":[5],"tags":[],"class_list":["post-72236","post","type-post","status-publish","format-standard","has-post-thumbnail","hentry","category-asayis"],"_links":{"self":[{"href":"https:\/\/www.egemtv.com\/index.php?rest_route=\/wp\/v2\/posts\/72236","targetHints":{"allow":["GET"]}}],"collection":[{"href":"https:\/\/www.egemtv.com\/index.php?rest_route=\/wp\/v2\/posts"}],"about":[{"href":"https:\/\/www.egemtv.com\/index.php?rest_route=\/wp\/v2\/types\/post"}],"author":[{"embeddable":true,"href":"https:\/\/www.egemtv.com\/index.php?rest_route=\/wp\/v2\/users\/1"}],"replies":[{"embeddable":true,"href":"https:\/\/www.egemtv.com\/index.php?rest_route=%2Fwp%2Fv2%2Fcomments&post=72236"}],"version-history":[{"count":1,"href":"https:\/\/www.egemtv.com\/index.php?rest_route=\/wp\/v2\/posts\/72236\/revisions"}],"predecessor-version":[{"id":72238,"href":"https:\/\/www.egemtv.com\/index.php?rest_route=\/wp\/v2\/posts\/72236\/revisions\/72238"}],"wp:featuredmedia":[{"embeddable":true,"href":"https:\/\/www.egemtv.com\/index.php?rest_route=\/wp\/v2\/media\/72237"}],"wp:attachment":[{"href":"https:\/\/www.egemtv.com\/index.php?rest_route=%2Fwp%2Fv2%2Fmedia&parent=72236"}],"wp:term":[{"taxonomy":"category","embeddable":true,"href":"https:\/\/www.egemtv.com\/index.php?rest_route=%2Fwp%2Fv2%2Fcategories&post=72236"},{"taxonomy":"post_tag","embeddable":true,"href":"https:\/\/www.egemtv.com\/index.php?rest_route=%2Fwp%2Fv2%2Ftags&post=72236"}],"curies":[{"name":"wp","href":"https:\/\/api.w.org\/{rel}","templated":true}]}}