{"id":72233,"date":"2025-12-05T13:54:44","date_gmt":"2025-12-05T10:54:44","guid":{"rendered":"https:\/\/www.egemtv.com\/?p=72233"},"modified":"2025-12-05T13:54:45","modified_gmt":"2025-12-05T10:54:45","slug":"denizlide-losemi-ve-kanserle-mucadele-eden-aileler-icin-yeni-hizmet","status":"publish","type":"post","link":"https:\/\/www.egemtv.com\/?p=72233","title":{"rendered":"Denizli\u2019de l\u00f6semi ve kanserle m\u00fccadele eden aileler i\u00e7in yeni hizmet"},"content":{"rendered":"<p>L\u00f6semili \u00c7ocuklar Sa\u011fl\u0131k ve E\u011fitim Vakf\u0131 (L\u00d6SEV), l\u00f6semi ve kanserle m\u00fccadele eden \u00e7ocuklara ve ailelerine \u00fccretsiz destek sa\u011flamak amac\u0131yla T\u00fcrkiye genelinde y\u00fcr\u00fctt\u00fc\u011f\u00fc hizmet a\u011f\u0131n\u0131 geni\u015fletmek amac\u0131yla Denizli \u0130rtibat Ofisini faaliyete ge\u00e7ti.<\/p>\n<p>L\u00f6semili \u00c7ocuklar Sa\u011fl\u0131k ve E\u011fitim Vakf\u0131 (L\u00d6SEV), T\u00fcrkiye genelinde say\u0131lar\u0131 113 bini a\u015fk\u0131n, Vakfa kay\u0131tl\u0131 l\u00f6semi ve kanser tedavisi g\u00f6ren \u00e7ocuk ve yeti\u015fkin hasta ve ailelerine, tamamen \u00fccretsiz olarak s\u00fcrd\u00fcrd\u00fc\u011f\u00fc tedavi, e\u011fitim, konaklama hizmetlerinin yan\u0131 s\u0131ra sosyal ve psikolojik destekler, ayni ve nakdi yard\u0131mlarla tam 27 y\u0131ld\u0131r var g\u00fcc\u00fcyle \u00e7al\u0131\u015f\u0131yor ve ailelerin t\u00fcm ihtiya\u00e7lar\u0131na kal\u0131c\u0131 \u00e7\u00f6z\u00fcmler sa\u011fl\u0131yor. Daha geni\u015f hizmet vermek amac\u0131yla Denizli\u2019de yeni irtibat ofisi a\u00e7an L\u00d6SEV b\u00f6lgedeki hastalar\u0131n ve ailelerin tedavi, e\u011fitim, sosyal destek ve konaklama hizmetlerine daha h\u0131zl\u0131 ve kolay ula\u015fmas\u0131n\u0131 hedefliyor. Ayr\u0131ca ofisin faaliyetlerine ba\u015flamas\u0131 ile beraber fark\u0131ndal\u0131k \u00e7al\u0131\u015fmalar\u0131n\u0131n art\u0131r\u0131lmas\u0131, g\u00f6n\u00fcll\u00fc a\u011f\u0131n\u0131n g\u00fc\u00e7lendirilmesi ve erken tan\u0131 bilincinin yayg\u0131nla\u015ft\u0131r\u0131lmas\u0131 hedefliyor.<\/p>\n<p>L\u00d6SEV Genel Ba\u015fkan\u0131 Dr. \u00dcst\u00fcn Ezer, a\u00e7\u0131l\u0131\u015fa ili\u015fkin yapt\u0131\u011f\u0131 de\u011ferlendirmede \u015funlar\u0131 s\u00f6yledi, &#8220;Her \u00e7ocu\u011fun sa\u011fl\u0131kl\u0131 bir ya\u015fam hakk\u0131 var. A\u00e7t\u0131\u011f\u0131m\u0131z her yeni irtibat ofisiyle T\u00fcrkiye\u2019nin d\u00f6rt bir yan\u0131na umudu, sevgiyi ve iyili\u011fi ta\u015f\u0131yoruz. 28 y\u0131ld\u0131r kanser hastas\u0131 \u00e7ocuklar\u0131n ve ailelerin tedavi s\u00fcre\u00e7lerinde, e\u011fitimlerinin devam\u0131nda ve sosyal ya\u015famlar\u0131n\u0131n desteklenmesinde aktif rol \u00fcstlenen L\u00d6SEV, Denizli ofisiyle birlikte b\u00f6lgedeki \u00e7al\u0131\u015fmalar\u0131n\u0131 s\u0131kla\u015ft\u0131rarak ailelere daha da yak\u0131n olmay\u0131 hedefliyor&#8221;<\/p>\n<p>A\u00e7\u0131lan yeni ofisle birlikte b\u00fcy\u00fck bir kazan\u0131m elde etti\u011fini vurgulayan Ezer, &#8220;Bu umut dolu yolculukta, L\u00d6SEV\u2019in her zaman yan\u0131nda olan siz de\u011ferli destek\u00e7ilerimizin sevgisi ve katk\u0131lar\u0131yla daha nice \u015fehre ula\u015facak, daha nice minik y\u00fcre\u011fe umut olaca\u011f\u0131z. \u00c7\u00fcnk\u00fc L\u00d6SEV, iyiliksever halk\u0131m\u0131z\u0131n deste\u011fiyle ayakta duran bir \u00e7\u0131nard\u0131r. T\u00fcm Denizlililerin destek ve kat\u0131l\u0131mlar\u0131n\u0131 bekliyoruz. \u0130yile\u015fecek her \u00e7ocu\u011fumuzun, y\u00fcz\u00fc g\u00fclen her annemizin sizin de eseriniz olmas\u0131n\u0131 arzu ediyoruz&#8221; ifadelerine yer verdiler.<br \/><\/p>\n","protected":false},"excerpt":{"rendered":"<p>L\u00f6semili \u00c7ocuklar Sa\u011fl\u0131k ve E\u011fitim Vakf\u0131 (L\u00d6SEV), l\u00f6semi ve kanserle m\u00fccadele eden \u00e7ocuklara ve ailelerine \u00fccretsiz destek sa\u011flamak amac\u0131yla T\u00fcrkiye genelinde y\u00fcr\u00fctt\u00fc\u011f\u00fc hizmet a\u011f\u0131n\u0131 geni\u015fletmek amac\u0131yla Denizli \u0130rtibat Ofisini faaliyete ge\u00e7ti. L\u00f6semili \u00c7ocuklar Sa\u011fl\u0131k ve E\u011fitim Vakf\u0131 (L\u00d6SEV), T\u00fcrkiye genelinde say\u0131lar\u0131 113 bini a\u015fk\u0131n, Vakfa kay\u0131tl\u0131 l\u00f6semi ve kanser tedavisi g\u00f6ren \u00e7ocuk ve yeti\u015fkin hasta&#8230;<\/p>\n","protected":false},"author":1,"featured_media":72234,"comment_status":"open","ping_status":"open","sticky":false,"template":"","format":"standard","meta":{"_crdt_document":"","footnotes":""},"categories":[2],"tags":[],"class_list":["post-72233","post","type-post","status-publish","format-standard","has-post-thumbnail","hentry","category-saglik"],"_links":{"self":[{"href":"https:\/\/www.egemtv.com\/index.php?rest_route=\/wp\/v2\/posts\/72233","targetHints":{"allow":["GET"]}}],"collection":[{"href":"https:\/\/www.egemtv.com\/index.php?rest_route=\/wp\/v2\/posts"}],"about":[{"href":"https:\/\/www.egemtv.com\/index.php?rest_route=\/wp\/v2\/types\/post"}],"author":[{"embeddable":true,"href":"https:\/\/www.egemtv.com\/index.php?rest_route=\/wp\/v2\/users\/1"}],"replies":[{"embeddable":true,"href":"https:\/\/www.egemtv.com\/index.php?rest_route=%2Fwp%2Fv2%2Fcomments&post=72233"}],"version-history":[{"count":1,"href":"https:\/\/www.egemtv.com\/index.php?rest_route=\/wp\/v2\/posts\/72233\/revisions"}],"predecessor-version":[{"id":72235,"href":"https:\/\/www.egemtv.com\/index.php?rest_route=\/wp\/v2\/posts\/72233\/revisions\/72235"}],"wp:featuredmedia":[{"embeddable":true,"href":"https:\/\/www.egemtv.com\/index.php?rest_route=\/wp\/v2\/media\/72234"}],"wp:attachment":[{"href":"https:\/\/www.egemtv.com\/index.php?rest_route=%2Fwp%2Fv2%2Fmedia&parent=72233"}],"wp:term":[{"taxonomy":"category","embeddable":true,"href":"https:\/\/www.egemtv.com\/index.php?rest_route=%2Fwp%2Fv2%2Fcategories&post=72233"},{"taxonomy":"post_tag","embeddable":true,"href":"https:\/\/www.egemtv.com\/index.php?rest_route=%2Fwp%2Fv2%2Ftags&post=72233"}],"curies":[{"name":"wp","href":"https:\/\/api.w.org\/{rel}","templated":true}]}}