{"id":72230,"date":"2025-12-05T13:35:51","date_gmt":"2025-12-05T10:35:51","guid":{"rendered":"https:\/\/www.egemtv.com\/?p=72230"},"modified":"2025-12-05T13:35:51","modified_gmt":"2025-12-05T10:35:51","slug":"afad-ekiplerle-birlikte-mugladaki-yagislara-karsi-teyakkuzda","status":"publish","type":"post","link":"https:\/\/www.egemtv.com\/?p=72230","title":{"rendered":"AFAD, ekiplerle birlikte Mu\u011fla\u2019daki ya\u011f\u0131\u015flara kar\u015f\u0131 teyakkuzda"},"content":{"rendered":"<p>Mu\u011fla\u2019da etkili olan sa\u011fanak ya\u011f\u0131\u015fla birlikte AFAD ekipleri sahada koordinasyonu sa\u011flayarak ya\u015fanan olumsuzluklara an\u0131nda m\u00fcdahale ediliyor.<\/p>\n<p>Meteorolojinin sa\u011fanak ya\u011f\u0131\u015f uyar\u0131s\u0131n\u0131n ard\u0131ndan AFAD taraf\u0131ndan il\u00e7e kaymakaml\u0131klar\u0131 ve \u0130lgili kurumlar bilgilendirilirken ve ekiplerin teyakkuz halinde bulundurulmas\u0131 talimat\u0131 verildi. Valilik, B\u00fcy\u00fck\u015fehir Belediyesi ve AFAD sosyal medya hesaplar\u0131ndan vatanda\u015flara y\u00f6nelik uyar\u0131lar yap\u0131l\u0131p, t\u00fcm \u0130l\u00e7elerin mahalle muhtarlar\u0131 Whatsapp gruplar\u0131ndan uyar\u0131lar payla\u015f\u0131ld\u0131. Ya\u011f\u0131\u015f uyar\u0131s\u0131 kapsam\u0131nda AFAD Y\u00f6netimi Ba\u015fkanl\u0131\u011f\u0131nca Daire Ba\u015fkan\u0131 Davut \u015eahin ve Grup Ba\u015fkan\u0131 \u00d6zg\u00fcr Bostanc\u0131 Mu\u011fla\u2019da koordinasyon i\u00e7in g\u00f6revlendirildi. Ayr\u0131ca ya\u011f\u0131\u015fla birlikte \u015fu an Mu\u011fla genelinde AFAD 33 personel, 3 ara\u00e7, Mu\u011fla B\u00fcy\u00fck\u015fehir \u0130tfaiye 133 personel 161 ara\u00e7, MUSK\u0130 141 personel 36 ara\u00e7, DS\u0130 12 personel 4 ara\u00e7, Emniyet 180 personel 85 ara\u00e7, Jandarma 257 personel 98 ara\u00e7, karayollar\u0131 18 personel, 5 ara\u00e7, STK 6 personel, 2 ara\u00e7 olmak \u00fczere toplamda sahada 921 personel 449 ara\u00e7la g\u00f6rev yapt\u0131\u011f\u0131 belirtildi.<\/p>\n<p>\u0130l genelinde \u015fimdiye kadar yap\u0131lan 31 ihbara ekiplerce m\u00fcdahale edildi\u011fi de a\u00e7\u0131kland\u0131.<br \/><\/p>\n","protected":false},"excerpt":{"rendered":"<p>Mu\u011fla\u2019da etkili olan sa\u011fanak ya\u011f\u0131\u015fla birlikte AFAD ekipleri sahada koordinasyonu sa\u011flayarak ya\u015fanan olumsuzluklara an\u0131nda m\u00fcdahale ediliyor. Meteorolojinin sa\u011fanak ya\u011f\u0131\u015f uyar\u0131s\u0131n\u0131n ard\u0131ndan AFAD taraf\u0131ndan il\u00e7e kaymakaml\u0131klar\u0131 ve \u0130lgili kurumlar bilgilendirilirken ve ekiplerin teyakkuz halinde bulundurulmas\u0131 talimat\u0131 verildi. Valilik, B\u00fcy\u00fck\u015fehir Belediyesi ve AFAD sosyal medya hesaplar\u0131ndan vatanda\u015flara y\u00f6nelik uyar\u0131lar yap\u0131l\u0131p, t\u00fcm \u0130l\u00e7elerin mahalle muhtarlar\u0131 Whatsapp gruplar\u0131ndan uyar\u0131lar&#8230;<\/p>\n","protected":false},"author":1,"featured_media":72231,"comment_status":"open","ping_status":"open","sticky":false,"template":"","format":"standard","meta":{"_crdt_document":"","footnotes":""},"categories":[5],"tags":[],"class_list":["post-72230","post","type-post","status-publish","format-standard","has-post-thumbnail","hentry","category-asayis"],"_links":{"self":[{"href":"https:\/\/www.egemtv.com\/index.php?rest_route=\/wp\/v2\/posts\/72230","targetHints":{"allow":["GET"]}}],"collection":[{"href":"https:\/\/www.egemtv.com\/index.php?rest_route=\/wp\/v2\/posts"}],"about":[{"href":"https:\/\/www.egemtv.com\/index.php?rest_route=\/wp\/v2\/types\/post"}],"author":[{"embeddable":true,"href":"https:\/\/www.egemtv.com\/index.php?rest_route=\/wp\/v2\/users\/1"}],"replies":[{"embeddable":true,"href":"https:\/\/www.egemtv.com\/index.php?rest_route=%2Fwp%2Fv2%2Fcomments&post=72230"}],"version-history":[{"count":1,"href":"https:\/\/www.egemtv.com\/index.php?rest_route=\/wp\/v2\/posts\/72230\/revisions"}],"predecessor-version":[{"id":72232,"href":"https:\/\/www.egemtv.com\/index.php?rest_route=\/wp\/v2\/posts\/72230\/revisions\/72232"}],"wp:featuredmedia":[{"embeddable":true,"href":"https:\/\/www.egemtv.com\/index.php?rest_route=\/wp\/v2\/media\/72231"}],"wp:attachment":[{"href":"https:\/\/www.egemtv.com\/index.php?rest_route=%2Fwp%2Fv2%2Fmedia&parent=72230"}],"wp:term":[{"taxonomy":"category","embeddable":true,"href":"https:\/\/www.egemtv.com\/index.php?rest_route=%2Fwp%2Fv2%2Fcategories&post=72230"},{"taxonomy":"post_tag","embeddable":true,"href":"https:\/\/www.egemtv.com\/index.php?rest_route=%2Fwp%2Fv2%2Ftags&post=72230"}],"curies":[{"name":"wp","href":"https:\/\/api.w.org\/{rel}","templated":true}]}}