{"id":72227,"date":"2025-12-05T13:35:50","date_gmt":"2025-12-05T10:35:50","guid":{"rendered":"https:\/\/www.egemtv.com\/?p=72227"},"modified":"2025-12-05T13:35:51","modified_gmt":"2025-12-05T10:35:51","slug":"turk-kizilay-manisadan-kislik-ayakkabi-kampanyasi","status":"publish","type":"post","link":"https:\/\/www.egemtv.com\/?p=72227","title":{"rendered":"T\u00fcrk K\u0131z\u0131lay Manisa\u2019dan k\u0131\u015fl\u0131k ayakkab\u0131 kampanyas\u0131"},"content":{"rendered":"<p>T\u00fcrk K\u0131z\u0131lay Manisa \u0130l Merkezi Ba\u015fkanl\u0131\u011f\u0131, \u00e7ocuklar\u0131n k\u0131\u015f mevsimini daha s\u0131cak ve sa\u011fl\u0131kl\u0131 ge\u00e7irmesi amac\u0131yla &#8220;So\u011fuk hava de\u011fil iyilik kazans\u0131n&#8221; slogan\u0131yla k\u0131\u015fl\u0131k ayakkab\u0131 kampanyas\u0131 ba\u015flatt\u0131.<br \/>\n<br \/>Kampanya kapsam\u0131nda bir \u00e7ift k\u0131\u015fl\u0131k ayakkab\u0131n\u0131n bedeli 650 lira olarak belirlenirken, vatanda\u015flar\u0131n yapaca\u011f\u0131 ba\u011f\u0131\u015flarla \u00e7ok say\u0131da \u00e7ocu\u011fa destek ula\u015ft\u0131r\u0131lmas\u0131 hedefleniyor.<br \/>\n<br \/>T\u00fcrk K\u0131z\u0131lay Manisa \u0130l Merkezi Ba\u015fkan\u0131 \u00d6ner G\u00fcrsel, &#8220;Manisa\u2019da bir\u00e7ok \u00e7ocu\u011fumuzun y\u00fcz\u00fcn\u00fc g\u00fcld\u00fcrmek, onlar\u0131n k\u0131\u015f\u0131 g\u00fcvenle ve s\u0131cak ge\u00e7irmesine katk\u0131da bulunmak istiyoruz. Bu kampanya sadece bir yard\u0131m \u00e7al\u0131\u015fmas\u0131 de\u011fil; iyili\u011fi b\u00fcy\u00fctme, dayan\u0131\u015fmay\u0131 art\u0131rma \u00e7a\u011fr\u0131s\u0131d\u0131r. Destek veren her vatanda\u015f\u0131m\u0131za \u015fimdiden te\u015fekk\u00fcr ediyoruz. \u0130nanc\u0131m\u0131z o ki; hep birlikte iyili\u011fi \u00e7o\u011faltaca\u011f\u0131z.&#8221;<br \/>\n<br \/>Ba\u011f\u0131\u015f yapmak isteyen vatanda\u015flar, T\u00fcrkiye K\u0131z\u0131lay Derne\u011fi ad\u0131na kay\u0131tl\u0131 IBAN numaras\u0131na ba\u011f\u0131\u015fta bulunabiliyor.<br \/>\n<br \/>T\u00fcrk K\u0131z\u0131lay Manisa \u0130l Merkezi, kampanyaya kat\u0131lan t\u00fcm hay\u0131rseverlere te\u015fekk\u00fcr ederek dayan\u0131\u015fma \u00e7a\u011fr\u0131s\u0131n\u0131 yineledi.<br \/><\/p>\n","protected":false},"excerpt":{"rendered":"<p>T\u00fcrk K\u0131z\u0131lay Manisa \u0130l Merkezi Ba\u015fkanl\u0131\u011f\u0131, \u00e7ocuklar\u0131n k\u0131\u015f mevsimini daha s\u0131cak ve sa\u011fl\u0131kl\u0131 ge\u00e7irmesi amac\u0131yla &#8220;So\u011fuk hava de\u011fil iyilik kazans\u0131n&#8221; slogan\u0131yla k\u0131\u015fl\u0131k ayakkab\u0131 kampanyas\u0131 ba\u015flatt\u0131. Kampanya kapsam\u0131nda bir \u00e7ift k\u0131\u015fl\u0131k ayakkab\u0131n\u0131n bedeli 650 lira olarak belirlenirken, vatanda\u015flar\u0131n yapaca\u011f\u0131 ba\u011f\u0131\u015flarla \u00e7ok say\u0131da \u00e7ocu\u011fa destek ula\u015ft\u0131r\u0131lmas\u0131 hedefleniyor. T\u00fcrk K\u0131z\u0131lay Manisa \u0130l Merkezi Ba\u015fkan\u0131 \u00d6ner G\u00fcrsel, &#8220;Manisa\u2019da bir\u00e7ok&#8230;<\/p>\n","protected":false},"author":1,"featured_media":72228,"comment_status":"open","ping_status":"open","sticky":false,"template":"","format":"standard","meta":{"_crdt_document":"","footnotes":""},"categories":[123],"tags":[],"class_list":["post-72227","post","type-post","status-publish","format-standard","has-post-thumbnail","hentry","category-gundem"],"_links":{"self":[{"href":"https:\/\/www.egemtv.com\/index.php?rest_route=\/wp\/v2\/posts\/72227","targetHints":{"allow":["GET"]}}],"collection":[{"href":"https:\/\/www.egemtv.com\/index.php?rest_route=\/wp\/v2\/posts"}],"about":[{"href":"https:\/\/www.egemtv.com\/index.php?rest_route=\/wp\/v2\/types\/post"}],"author":[{"embeddable":true,"href":"https:\/\/www.egemtv.com\/index.php?rest_route=\/wp\/v2\/users\/1"}],"replies":[{"embeddable":true,"href":"https:\/\/www.egemtv.com\/index.php?rest_route=%2Fwp%2Fv2%2Fcomments&post=72227"}],"version-history":[{"count":1,"href":"https:\/\/www.egemtv.com\/index.php?rest_route=\/wp\/v2\/posts\/72227\/revisions"}],"predecessor-version":[{"id":72229,"href":"https:\/\/www.egemtv.com\/index.php?rest_route=\/wp\/v2\/posts\/72227\/revisions\/72229"}],"wp:featuredmedia":[{"embeddable":true,"href":"https:\/\/www.egemtv.com\/index.php?rest_route=\/wp\/v2\/media\/72228"}],"wp:attachment":[{"href":"https:\/\/www.egemtv.com\/index.php?rest_route=%2Fwp%2Fv2%2Fmedia&parent=72227"}],"wp:term":[{"taxonomy":"category","embeddable":true,"href":"https:\/\/www.egemtv.com\/index.php?rest_route=%2Fwp%2Fv2%2Fcategories&post=72227"},{"taxonomy":"post_tag","embeddable":true,"href":"https:\/\/www.egemtv.com\/index.php?rest_route=%2Fwp%2Fv2%2Ftags&post=72227"}],"curies":[{"name":"wp","href":"https:\/\/api.w.org\/{rel}","templated":true}]}}