{"id":72224,"date":"2025-12-05T13:14:52","date_gmt":"2025-12-05T10:14:52","guid":{"rendered":"https:\/\/www.egemtv.com\/?p=72224"},"modified":"2025-12-05T13:14:53","modified_gmt":"2025-12-05T10:14:53","slug":"futbolda-bahis-sorusturmalarinda-nazilliden-2-gozalti","status":"publish","type":"post","link":"https:\/\/www.egemtv.com\/?p=72224","title":{"rendered":"Futbolda bahis soru\u015fturmalar\u0131nda Nazilli\u2019den 2 g\u00f6zalt\u0131"},"content":{"rendered":"<p>Futbolda bahis soru\u015fturmalar\u0131nda ikinci dalga operasyonunda Nazillispor Kul\u00fcp Ba\u015fkan\u0131 \u015eahin Kaya ve eski antren\u00f6rlerden G\u00fcrhan S\u00f6nmez\u2019in g\u00f6zalt\u0131na al\u0131narak \u0130stanbul\u2019a g\u00f6t\u00fcr\u00fcld\u00fc\u011f\u00fc \u00f6\u011frenildi.<br \/>\n<br \/>\u0130stanbul Cumhuriyet Ba\u015fsavc\u0131l\u0131\u011f\u0131\u2019nca y\u00fcr\u00fct\u00fclen &#8220;Futbolda Bahis Soru\u015fturmalar\u0131&#8221; olarak bilinen soru\u015fturmalar dizisinin ikinci b\u00f6l\u00fcm\u00fc kapsam\u0131nda aralar\u0131nda Metehan Balc\u0131, Mert Hakan Yanda\u015f, Ahmet \u00c7akar ve Zorbay K\u00fc\u00e7\u00fck\u2019\u00fcn de bulundu\u011fu 46 \u015f\u00fcpheli hakk\u0131nda g\u00f6zalt\u0131 karar\u0131 verildi. Soru\u015fturmalar dizisinin ikinci b\u00f6l\u00fcm\u00fc kapsam\u0131nda MASAK Ba\u015fkanl\u0131\u011f\u0131ndan ve yasal bahis sitelerinden temin edilen veriler, a\u00e7\u0131k kaynak ara\u015ft\u0131rmalar\u0131 ve Profesyonel Futbol Disiplin Kurulu\u2019nun toplant\u0131s\u0131nda hak mahrumiyeti cezas\u0131 alan 101 futbolcu hakk\u0131nda yap\u0131lan analiz \u00e7al\u0131\u015fmalar\u0131 ve di\u011fer deliller sonucunda operasyon d\u00fczenlendi.<br \/>\n<br \/>Soru\u015fturmada 28 Nisan 2024\u2019te oynanan Ankaraspor-Nazilli Belediyespor futbol m\u00fcsabakas\u0131 ile ilgili ma\u00e7 sonucunu etkilemeye y\u00f6nelik tespitler nedeniyle Ankaraspor Kul\u00fcp sahibi Ahmet Okatan, Ankaraspor Kul\u00fcp Ba\u015fkan\u0131 Mehmet Emin Katipo\u011flu, Nazilli Belediyespor Ba\u015fkan\u0131 \u015eahin Kaya ve 2 antren\u00f6rden G\u00fcrhan S\u00f6nmez ile birlikte tespit edilen 5 \u015fah\u0131s ve konuyla alakal\u0131 16 farkl\u0131 ilde 46 \u015f\u00fcpheli hakk\u0131nda operasyon d\u00fczenlendi.<\/p>\n<p>Kaya ve S\u00f6nmez evlerinden al\u0131nd\u0131<br \/>\n<br \/>Nazilli \u0130l\u00e7e Emniyet M\u00fcd\u00fcrl\u00fc\u011f\u00fc Asayi\u015f B\u00fcro Amirli\u011fince y\u00fcr\u00fct\u00fclen \u00e7al\u0131\u015fma sonucu sabah\u0131n erken saatlerinde evlerinden al\u0131nan Nazillispor Kul\u00fcp Ba\u015fkan\u0131 \u015eahin Kaya ve eski antren\u00f6rlerden G\u00fcrhan S\u00f6nmez g\u00f6zalt\u0131na al\u0131narak \u0130stanbul\u2019a g\u00f6t\u00fcr\u00fcld\u00fc.<br \/><\/p>\n","protected":false},"excerpt":{"rendered":"<p>Futbolda bahis soru\u015fturmalar\u0131nda ikinci dalga operasyonunda Nazillispor Kul\u00fcp Ba\u015fkan\u0131 \u015eahin Kaya ve eski antren\u00f6rlerden G\u00fcrhan S\u00f6nmez\u2019in g\u00f6zalt\u0131na al\u0131narak \u0130stanbul\u2019a g\u00f6t\u00fcr\u00fcld\u00fc\u011f\u00fc \u00f6\u011frenildi. \u0130stanbul Cumhuriyet Ba\u015fsavc\u0131l\u0131\u011f\u0131\u2019nca y\u00fcr\u00fct\u00fclen &#8220;Futbolda Bahis Soru\u015fturmalar\u0131&#8221; olarak bilinen soru\u015fturmalar dizisinin ikinci b\u00f6l\u00fcm\u00fc kapsam\u0131nda aralar\u0131nda Metehan Balc\u0131, Mert Hakan Yanda\u015f, Ahmet \u00c7akar ve Zorbay K\u00fc\u00e7\u00fck\u2019\u00fcn de bulundu\u011fu 46 \u015f\u00fcpheli hakk\u0131nda g\u00f6zalt\u0131 karar\u0131 verildi. Soru\u015fturmalar&#8230;<\/p>\n","protected":false},"author":1,"featured_media":72225,"comment_status":"open","ping_status":"open","sticky":false,"template":"","format":"standard","meta":{"_crdt_document":"","footnotes":""},"categories":[5],"tags":[],"class_list":["post-72224","post","type-post","status-publish","format-standard","has-post-thumbnail","hentry","category-asayis"],"_links":{"self":[{"href":"https:\/\/www.egemtv.com\/index.php?rest_route=\/wp\/v2\/posts\/72224","targetHints":{"allow":["GET"]}}],"collection":[{"href":"https:\/\/www.egemtv.com\/index.php?rest_route=\/wp\/v2\/posts"}],"about":[{"href":"https:\/\/www.egemtv.com\/index.php?rest_route=\/wp\/v2\/types\/post"}],"author":[{"embeddable":true,"href":"https:\/\/www.egemtv.com\/index.php?rest_route=\/wp\/v2\/users\/1"}],"replies":[{"embeddable":true,"href":"https:\/\/www.egemtv.com\/index.php?rest_route=%2Fwp%2Fv2%2Fcomments&post=72224"}],"version-history":[{"count":1,"href":"https:\/\/www.egemtv.com\/index.php?rest_route=\/wp\/v2\/posts\/72224\/revisions"}],"predecessor-version":[{"id":72226,"href":"https:\/\/www.egemtv.com\/index.php?rest_route=\/wp\/v2\/posts\/72224\/revisions\/72226"}],"wp:featuredmedia":[{"embeddable":true,"href":"https:\/\/www.egemtv.com\/index.php?rest_route=\/wp\/v2\/media\/72225"}],"wp:attachment":[{"href":"https:\/\/www.egemtv.com\/index.php?rest_route=%2Fwp%2Fv2%2Fmedia&parent=72224"}],"wp:term":[{"taxonomy":"category","embeddable":true,"href":"https:\/\/www.egemtv.com\/index.php?rest_route=%2Fwp%2Fv2%2Fcategories&post=72224"},{"taxonomy":"post_tag","embeddable":true,"href":"https:\/\/www.egemtv.com\/index.php?rest_route=%2Fwp%2Fv2%2Ftags&post=72224"}],"curies":[{"name":"wp","href":"https:\/\/api.w.org\/{rel}","templated":true}]}}