{"id":72221,"date":"2025-12-05T12:55:40","date_gmt":"2025-12-05T09:55:40","guid":{"rendered":"https:\/\/www.egemtv.com\/?p=72221"},"modified":"2025-12-05T12:55:41","modified_gmt":"2025-12-05T09:55:41","slug":"marmariste-3-tekne-karaya-oturdu","status":"publish","type":"post","link":"https:\/\/www.egemtv.com\/?p=72221","title":{"rendered":"Marmaris\u2019te 3 tekne karaya oturdu"},"content":{"rendered":"<p>Mu\u011fla\u2019n\u0131n Marmaris il\u00e7esinde etkili olan sa\u011fanak ya\u011f\u0131\u015f ve f\u0131rt\u0131na sebebiyle 3 tekne karaya oturdu.<\/p>\n<p>Marmaris il\u00e7esinde d\u00fcn gece ba\u015flayan sa\u011fanak ya\u011f\u0131\u015f ve f\u0131rt\u0131na sabah saatlerinden itibaren etkisini art\u0131r\u0131rken, vatanda\u015flar zaman zaman zor anlar ya\u015fad\u0131. Baz\u0131 a\u011fa\u00e7lar f\u0131rt\u0131na sebebiyle yollara devrilirken, sabah saatlerinde de T\u00fcrk bayrakl\u0131 3 tekne Hisar\u00f6n\u00fc K\u00f6rfezi \u0130nb\u00fck\u00fc Koyu\u2019nda karaya oturdu. A\u011f\u0131r hava \u015fartlar\u0131 nedeniyle s\u00fcr\u00fcklenen Granitsa, Kastabos ve Wiseone isimli 3 gezinti teknesinde inceleme ger\u00e7ekle\u015ftiren ekipler, tekne personellerinde herhangi bir sa\u011fl\u0131k sorununun olmad\u0131\u011f\u0131n\u0131 belirlerken, yard\u0131m taleplerinin olmad\u0131\u011f\u0131n\u0131 tespit etti. Ayr\u0131ca yap\u0131lan incelemelerde teknelerden kaynakl\u0131 bir deniz kirlili\u011fine de rastlanmazken karaya oturan teknelerin hava \u015fartlar\u0131n\u0131n iyile\u015fmesinin ard\u0131ndan bulunduklar\u0131 yerden kurtar\u0131laca\u011f\u0131 bilgisine ula\u015f\u0131ld\u0131.<br \/><\/p>\n","protected":false},"excerpt":{"rendered":"<p>Mu\u011fla\u2019n\u0131n Marmaris il\u00e7esinde etkili olan sa\u011fanak ya\u011f\u0131\u015f ve f\u0131rt\u0131na sebebiyle 3 tekne karaya oturdu. Marmaris il\u00e7esinde d\u00fcn gece ba\u015flayan sa\u011fanak ya\u011f\u0131\u015f ve f\u0131rt\u0131na sabah saatlerinden itibaren etkisini art\u0131r\u0131rken, vatanda\u015flar zaman zaman zor anlar ya\u015fad\u0131. Baz\u0131 a\u011fa\u00e7lar f\u0131rt\u0131na sebebiyle yollara devrilirken, sabah saatlerinde de T\u00fcrk bayrakl\u0131 3 tekne Hisar\u00f6n\u00fc K\u00f6rfezi \u0130nb\u00fck\u00fc Koyu\u2019nda karaya oturdu. A\u011f\u0131r hava&#8230;<\/p>\n","protected":false},"author":1,"featured_media":72222,"comment_status":"open","ping_status":"open","sticky":false,"template":"","format":"standard","meta":{"_crdt_document":"","footnotes":""},"categories":[1],"tags":[],"class_list":["post-72221","post","type-post","status-publish","format-standard","has-post-thumbnail","hentry","category-guncel"],"_links":{"self":[{"href":"https:\/\/www.egemtv.com\/index.php?rest_route=\/wp\/v2\/posts\/72221","targetHints":{"allow":["GET"]}}],"collection":[{"href":"https:\/\/www.egemtv.com\/index.php?rest_route=\/wp\/v2\/posts"}],"about":[{"href":"https:\/\/www.egemtv.com\/index.php?rest_route=\/wp\/v2\/types\/post"}],"author":[{"embeddable":true,"href":"https:\/\/www.egemtv.com\/index.php?rest_route=\/wp\/v2\/users\/1"}],"replies":[{"embeddable":true,"href":"https:\/\/www.egemtv.com\/index.php?rest_route=%2Fwp%2Fv2%2Fcomments&post=72221"}],"version-history":[{"count":1,"href":"https:\/\/www.egemtv.com\/index.php?rest_route=\/wp\/v2\/posts\/72221\/revisions"}],"predecessor-version":[{"id":72223,"href":"https:\/\/www.egemtv.com\/index.php?rest_route=\/wp\/v2\/posts\/72221\/revisions\/72223"}],"wp:featuredmedia":[{"embeddable":true,"href":"https:\/\/www.egemtv.com\/index.php?rest_route=\/wp\/v2\/media\/72222"}],"wp:attachment":[{"href":"https:\/\/www.egemtv.com\/index.php?rest_route=%2Fwp%2Fv2%2Fmedia&parent=72221"}],"wp:term":[{"taxonomy":"category","embeddable":true,"href":"https:\/\/www.egemtv.com\/index.php?rest_route=%2Fwp%2Fv2%2Fcategories&post=72221"},{"taxonomy":"post_tag","embeddable":true,"href":"https:\/\/www.egemtv.com\/index.php?rest_route=%2Fwp%2Fv2%2Ftags&post=72221"}],"curies":[{"name":"wp","href":"https:\/\/api.w.org\/{rel}","templated":true}]}}