{"id":72218,"date":"2025-12-05T12:55:39","date_gmt":"2025-12-05T09:55:39","guid":{"rendered":"https:\/\/www.egemtv.com\/?p=72218"},"modified":"2025-12-05T12:55:40","modified_gmt":"2025-12-05T09:55:40","slug":"datcada-saganak-yagis-ve-firtina-kurumlar-teyakkuza-gecirdi","status":"publish","type":"post","link":"https:\/\/www.egemtv.com\/?p=72218","title":{"rendered":"Dat\u00e7a\u2019da sa\u011fanak ya\u011f\u0131\u015f ve f\u0131rt\u0131na kurumlar teyakkuza ge\u00e7irdi"},"content":{"rendered":"<p>Mu\u011fla\u2019n\u0131n Dat\u00e7a il\u00e7esinde gece saatlerinde etkisini art\u0131ran sa\u011fanak ya\u011fmurla birlikte lodos, denizde hareketli saatlere neden oldu.<\/p>\n<p>Dat\u00e7a\u2019da zaman zaman saatte 70 kilometreye ula\u015fan kuvvetli r\u00fczgar nedeniyle tekne sahipleri sabaha kadar n\u00f6bet tutmak zorunda kald\u0131. Lodos, il\u00e7e genelindeki teknelerde ciddi bir olumsuzluk olu\u015fturmazken Emecik Mahallesi\u2019ndeki Aktur K\u00fc\u00e7\u00fck Koy\u2019da demirli bulunan bir yelkenli s\u00fcr\u00fcklenerek karaya oturdu. Kuvvetli r\u00fczgar\u0131n hala etkisini s\u00fcrd\u00fcrd\u00fc\u011f\u00fc Dat\u00e7a\u2019da t\u00fcm kamu kurumlar\u0131n\u0131n herhangi bir olumsuzlu\u011fa kar\u015f\u0131 teyakkuzda oldu\u011fu \u00f6\u011frenildi.<br \/><\/p>\n","protected":false},"excerpt":{"rendered":"<p>Mu\u011fla\u2019n\u0131n Dat\u00e7a il\u00e7esinde gece saatlerinde etkisini art\u0131ran sa\u011fanak ya\u011fmurla birlikte lodos, denizde hareketli saatlere neden oldu. Dat\u00e7a\u2019da zaman zaman saatte 70 kilometreye ula\u015fan kuvvetli r\u00fczgar nedeniyle tekne sahipleri sabaha kadar n\u00f6bet tutmak zorunda kald\u0131. Lodos, il\u00e7e genelindeki teknelerde ciddi bir olumsuzluk olu\u015fturmazken Emecik Mahallesi\u2019ndeki Aktur K\u00fc\u00e7\u00fck Koy\u2019da demirli bulunan bir yelkenli s\u00fcr\u00fcklenerek karaya oturdu. Kuvvetli&#8230;<\/p>\n","protected":false},"author":1,"featured_media":72219,"comment_status":"open","ping_status":"open","sticky":false,"template":"","format":"standard","meta":{"_crdt_document":"","footnotes":""},"categories":[1],"tags":[],"class_list":["post-72218","post","type-post","status-publish","format-standard","has-post-thumbnail","hentry","category-guncel"],"_links":{"self":[{"href":"https:\/\/www.egemtv.com\/index.php?rest_route=\/wp\/v2\/posts\/72218","targetHints":{"allow":["GET"]}}],"collection":[{"href":"https:\/\/www.egemtv.com\/index.php?rest_route=\/wp\/v2\/posts"}],"about":[{"href":"https:\/\/www.egemtv.com\/index.php?rest_route=\/wp\/v2\/types\/post"}],"author":[{"embeddable":true,"href":"https:\/\/www.egemtv.com\/index.php?rest_route=\/wp\/v2\/users\/1"}],"replies":[{"embeddable":true,"href":"https:\/\/www.egemtv.com\/index.php?rest_route=%2Fwp%2Fv2%2Fcomments&post=72218"}],"version-history":[{"count":1,"href":"https:\/\/www.egemtv.com\/index.php?rest_route=\/wp\/v2\/posts\/72218\/revisions"}],"predecessor-version":[{"id":72220,"href":"https:\/\/www.egemtv.com\/index.php?rest_route=\/wp\/v2\/posts\/72218\/revisions\/72220"}],"wp:featuredmedia":[{"embeddable":true,"href":"https:\/\/www.egemtv.com\/index.php?rest_route=\/wp\/v2\/media\/72219"}],"wp:attachment":[{"href":"https:\/\/www.egemtv.com\/index.php?rest_route=%2Fwp%2Fv2%2Fmedia&parent=72218"}],"wp:term":[{"taxonomy":"category","embeddable":true,"href":"https:\/\/www.egemtv.com\/index.php?rest_route=%2Fwp%2Fv2%2Fcategories&post=72218"},{"taxonomy":"post_tag","embeddable":true,"href":"https:\/\/www.egemtv.com\/index.php?rest_route=%2Fwp%2Fv2%2Ftags&post=72218"}],"curies":[{"name":"wp","href":"https:\/\/api.w.org\/{rel}","templated":true}]}}