{"id":72209,"date":"2025-12-05T12:55:36","date_gmt":"2025-12-05T09:55:36","guid":{"rendered":"https:\/\/www.egemtv.com\/?p=72209"},"modified":"2025-12-05T12:55:37","modified_gmt":"2025-12-05T09:55:37","slug":"yunusemre-zabitasindan-okul-cevrelerinde-denetleme","status":"publish","type":"post","link":"https:\/\/www.egemtv.com\/?p=72209","title":{"rendered":"Yunusemre zab\u0131tas\u0131ndan okul \u00e7evrelerinde denetleme"},"content":{"rendered":"<p>Yunusemre Belediyesi, \u00fclke genelinde artan g\u0131da zehirlenmeleri sonras\u0131 il\u00e7ede okul \u00e7evrelerindeki esnafa y\u00f6nelik g\u0131da denetimlerini artt\u0131rd\u0131.<br \/>\n<br \/>T\u00fcrkiye genelinde artan g\u0131da zehirlenmesi vakalar\u0131n\u0131n ard\u0131ndan Yunusemre Belediyesi, il\u00e7e genelinde \u00f6zellikle okul \u00e7evrelerindeki i\u015fletmelere y\u00f6nelik denetimlerini yo\u011funla\u015ft\u0131rd\u0131. Zab\u0131ta M\u00fcd\u00fcrl\u00fc\u011f\u00fc ekipleri, \u00f6\u011frencilerin sa\u011fl\u0131\u011f\u0131n\u0131 korumak amac\u0131yla g\u0131da sat\u0131\u015f\u0131 yapan esnaf\u0131 titizlikle kontrol etti. Ekipler, okul \u00e7evrelerinde belirlenen noktalarda ger\u00e7ekle\u015ftirdikleri denetimlerde i\u015fletmelerin hijyen \u015fartlar\u0131, i\u015fyeri ruhsat\u0131, fiyat etiketi d\u00fczeni ve \u00fcr\u00fcnlerin son kullanma tarihleri gibi kritik ba\u015fl\u0131klar\u0131 tek tek inceledi.<br \/>\n<br \/>Kurallara uymayan i\u015fletmelere cezai i\u015flem uygulan\u0131rken; halk sa\u011fl\u0131\u011f\u0131n\u0131 tehdit edebilecek en k\u00fc\u00e7\u00fck olumsuzlu\u011fa dahi izin verilmedi. Zab\u0131ta ekiplerince, halk\u0131n sa\u011fl\u0131\u011f\u0131n\u0131 korumak amac\u0131yla denetlemelerin s\u00fcrece\u011fi ifade edildi.<br \/><\/p>\n","protected":false},"excerpt":{"rendered":"<p>Yunusemre Belediyesi, \u00fclke genelinde artan g\u0131da zehirlenmeleri sonras\u0131 il\u00e7ede okul \u00e7evrelerindeki esnafa y\u00f6nelik g\u0131da denetimlerini artt\u0131rd\u0131. T\u00fcrkiye genelinde artan g\u0131da zehirlenmesi vakalar\u0131n\u0131n ard\u0131ndan Yunusemre Belediyesi, il\u00e7e genelinde \u00f6zellikle okul \u00e7evrelerindeki i\u015fletmelere y\u00f6nelik denetimlerini yo\u011funla\u015ft\u0131rd\u0131. Zab\u0131ta M\u00fcd\u00fcrl\u00fc\u011f\u00fc ekipleri, \u00f6\u011frencilerin sa\u011fl\u0131\u011f\u0131n\u0131 korumak amac\u0131yla g\u0131da sat\u0131\u015f\u0131 yapan esnaf\u0131 titizlikle kontrol etti. Ekipler, okul \u00e7evrelerinde belirlenen noktalarda ger\u00e7ekle\u015ftirdikleri denetimlerde&#8230;<\/p>\n","protected":false},"author":1,"featured_media":72210,"comment_status":"open","ping_status":"open","sticky":false,"template":"","format":"standard","meta":{"_crdt_document":"","footnotes":""},"categories":[5],"tags":[],"class_list":["post-72209","post","type-post","status-publish","format-standard","has-post-thumbnail","hentry","category-asayis"],"_links":{"self":[{"href":"https:\/\/www.egemtv.com\/index.php?rest_route=\/wp\/v2\/posts\/72209","targetHints":{"allow":["GET"]}}],"collection":[{"href":"https:\/\/www.egemtv.com\/index.php?rest_route=\/wp\/v2\/posts"}],"about":[{"href":"https:\/\/www.egemtv.com\/index.php?rest_route=\/wp\/v2\/types\/post"}],"author":[{"embeddable":true,"href":"https:\/\/www.egemtv.com\/index.php?rest_route=\/wp\/v2\/users\/1"}],"replies":[{"embeddable":true,"href":"https:\/\/www.egemtv.com\/index.php?rest_route=%2Fwp%2Fv2%2Fcomments&post=72209"}],"version-history":[{"count":1,"href":"https:\/\/www.egemtv.com\/index.php?rest_route=\/wp\/v2\/posts\/72209\/revisions"}],"predecessor-version":[{"id":72211,"href":"https:\/\/www.egemtv.com\/index.php?rest_route=\/wp\/v2\/posts\/72209\/revisions\/72211"}],"wp:featuredmedia":[{"embeddable":true,"href":"https:\/\/www.egemtv.com\/index.php?rest_route=\/wp\/v2\/media\/72210"}],"wp:attachment":[{"href":"https:\/\/www.egemtv.com\/index.php?rest_route=%2Fwp%2Fv2%2Fmedia&parent=72209"}],"wp:term":[{"taxonomy":"category","embeddable":true,"href":"https:\/\/www.egemtv.com\/index.php?rest_route=%2Fwp%2Fv2%2Fcategories&post=72209"},{"taxonomy":"post_tag","embeddable":true,"href":"https:\/\/www.egemtv.com\/index.php?rest_route=%2Fwp%2Fv2%2Ftags&post=72209"}],"curies":[{"name":"wp","href":"https:\/\/api.w.org\/{rel}","templated":true}]}}