{"id":72206,"date":"2025-12-05T12:55:35","date_gmt":"2025-12-05T09:55:35","guid":{"rendered":"https:\/\/www.egemtv.com\/?p=72206"},"modified":"2025-12-05T12:55:36","modified_gmt":"2025-12-05T09:55:36","slug":"egirdir-golunde-yurutulen-projeler-yerinde-incelendi","status":"publish","type":"post","link":"https:\/\/www.egemtv.com\/?p=72206","title":{"rendered":"E\u011firdir G\u00f6l\u00fc\u2019nde y\u00fcr\u00fct\u00fclen projeler yerinde incelendi"},"content":{"rendered":"<p>Devlet Su \u0130\u015fleri (DS\u0130) Genel M\u00fcd\u00fcr Yard\u0131mc\u0131s\u0131 Mehmet Ekinci beraberindekilerle, E\u011firdir G\u00f6l\u00fc\u2019nde y\u00fcr\u00fct\u00fclen projeleri yerinde inceleyerek b\u00f6lgenin su y\u00f6netimine ili\u015fkin de\u011ferlendirmelerde bulundu.<br \/>\n<br \/>DS\u0130 Genel M\u00fcd\u00fcr Yard\u0131mc\u0131s\u0131 Mehmet Ekinci ile DS\u0130 Sulama Dairesi Ba\u015fkan\u0131 O\u011fuzhan Bekta\u015f, \u00e7e\u015fitli temaslarda bulunmak \u00fczere DS\u0130 18. B\u00f6lge M\u00fcd\u00fcrl\u00fc\u011f\u00fc\u2019n\u00fc ziyaret etti. Heyete DS\u0130 18. B\u00f6lge M\u00fcd\u00fcr\u00fc Osman Erkan da e\u015flik etti. Heyet ilk olarak, E\u011firdir G\u00f6l\u00fc Su Eylem Plan\u0131 i\u00e7inde kritik \u00f6neme sahip iki b\u00fcy\u00fck yat\u0131r\u0131m alan\u0131nda incelemelerde bulundu. Bu kapsamda Atabey Ovas\u0131 Sulamas\u0131 Yenileme Projesi ile Aksu Havzas\u0131\u2019ndan E\u011firdir G\u00f6l\u00fc\u2019ne su aktar\u0131lmas\u0131 projesi sahada de\u011ferlendirildi. Projelerin ilerleme durumu, mevcut ihtiya\u00e7lar ve planlanan \u00e7al\u0131\u015fmalar uzman ekiplerle birlikte detayl\u0131 \u015fekilde ele al\u0131nd\u0131. Saha incelemelerinin ard\u0131ndan heyet, E\u011firdir Belediye Ba\u015fkan\u0131 Mustafa \u00d6zer\u2019i makam\u0131nda ziyaret ederek b\u00f6lgedeki su y\u00f6netimi ve g\u00f6l\u00fcn korunmas\u0131na y\u00f6nelik devam eden \u00e7al\u0131\u015fmalar hakk\u0131nda isti\u015farelerde bulundu.<\/p>\n<p>Projeler ve yeni yat\u0131r\u0131mlar masaya yat\u0131r\u0131ld\u0131<br \/>\n<br \/>Program, DS\u0130 18. B\u00f6lge M\u00fcd\u00fcrl\u00fc\u011f\u00fc\u2019nde d\u00fczenlenen geni\u015f kat\u0131l\u0131ml\u0131 toplant\u0131yla devam etti. Toplant\u0131ya B\u00f6lge M\u00fcd\u00fcr Yard\u0131mc\u0131lar\u0131 ve ilgili \u015fube m\u00fcd\u00fcrleri kat\u0131ld\u0131. Burada, b\u00f6lge genelinde y\u00fcr\u00fct\u00fclen projeler ile planlama a\u015famas\u0131ndaki yeni yat\u0131r\u0131mlar hakk\u0131nda kapsaml\u0131 bir sunum ger\u00e7ekle\u015ftirildi. \u00d6zellikle E\u011firdir G\u00f6l\u00fc\u2019n\u00fcn su kalitesinin korunmas\u0131, tar\u0131msal sulaman\u0131n modernizasyonu ve su kaynaklar\u0131n\u0131n s\u00fcrd\u00fcr\u00fclebilir y\u00f6netimine y\u00f6nelik ad\u0131mlar masaya yat\u0131r\u0131ld\u0131.<br \/><\/p>\n","protected":false},"excerpt":{"rendered":"<p>Devlet Su \u0130\u015fleri (DS\u0130) Genel M\u00fcd\u00fcr Yard\u0131mc\u0131s\u0131 Mehmet Ekinci beraberindekilerle, E\u011firdir G\u00f6l\u00fc\u2019nde y\u00fcr\u00fct\u00fclen projeleri yerinde inceleyerek b\u00f6lgenin su y\u00f6netimine ili\u015fkin de\u011ferlendirmelerde bulundu. DS\u0130 Genel M\u00fcd\u00fcr Yard\u0131mc\u0131s\u0131 Mehmet Ekinci ile DS\u0130 Sulama Dairesi Ba\u015fkan\u0131 O\u011fuzhan Bekta\u015f, \u00e7e\u015fitli temaslarda bulunmak \u00fczere DS\u0130 18. B\u00f6lge M\u00fcd\u00fcrl\u00fc\u011f\u00fc\u2019n\u00fc ziyaret etti. Heyete DS\u0130 18. B\u00f6lge M\u00fcd\u00fcr\u00fc Osman Erkan da e\u015flik etti&#8230;.<\/p>\n","protected":false},"author":1,"featured_media":72207,"comment_status":"open","ping_status":"open","sticky":false,"template":"","format":"standard","meta":{"_crdt_document":"","footnotes":""},"categories":[1],"tags":[],"class_list":["post-72206","post","type-post","status-publish","format-standard","has-post-thumbnail","hentry","category-guncel"],"_links":{"self":[{"href":"https:\/\/www.egemtv.com\/index.php?rest_route=\/wp\/v2\/posts\/72206","targetHints":{"allow":["GET"]}}],"collection":[{"href":"https:\/\/www.egemtv.com\/index.php?rest_route=\/wp\/v2\/posts"}],"about":[{"href":"https:\/\/www.egemtv.com\/index.php?rest_route=\/wp\/v2\/types\/post"}],"author":[{"embeddable":true,"href":"https:\/\/www.egemtv.com\/index.php?rest_route=\/wp\/v2\/users\/1"}],"replies":[{"embeddable":true,"href":"https:\/\/www.egemtv.com\/index.php?rest_route=%2Fwp%2Fv2%2Fcomments&post=72206"}],"version-history":[{"count":1,"href":"https:\/\/www.egemtv.com\/index.php?rest_route=\/wp\/v2\/posts\/72206\/revisions"}],"predecessor-version":[{"id":72208,"href":"https:\/\/www.egemtv.com\/index.php?rest_route=\/wp\/v2\/posts\/72206\/revisions\/72208"}],"wp:featuredmedia":[{"embeddable":true,"href":"https:\/\/www.egemtv.com\/index.php?rest_route=\/wp\/v2\/media\/72207"}],"wp:attachment":[{"href":"https:\/\/www.egemtv.com\/index.php?rest_route=%2Fwp%2Fv2%2Fmedia&parent=72206"}],"wp:term":[{"taxonomy":"category","embeddable":true,"href":"https:\/\/www.egemtv.com\/index.php?rest_route=%2Fwp%2Fv2%2Fcategories&post=72206"},{"taxonomy":"post_tag","embeddable":true,"href":"https:\/\/www.egemtv.com\/index.php?rest_route=%2Fwp%2Fv2%2Ftags&post=72206"}],"curies":[{"name":"wp","href":"https:\/\/api.w.org\/{rel}","templated":true}]}}