{"id":72203,"date":"2025-12-05T12:55:35","date_gmt":"2025-12-05T09:55:35","guid":{"rendered":"https:\/\/www.egemtv.com\/?p=72203"},"modified":"2025-12-05T12:55:35","modified_gmt":"2025-12-05T09:55:35","slug":"usakta-emniyet-ve-jandarma-teskilatina-47-yeni-arac","status":"publish","type":"post","link":"https:\/\/www.egemtv.com\/?p=72203","title":{"rendered":"U\u015fak\u2019ta emniyet ve jandarma te\u015fkilat\u0131na 47 yeni ara\u00e7"},"content":{"rendered":"<p>Cumhurba\u015fkanl\u0131\u011f\u0131 taraf\u0131ndan emniyet ve jandarma te\u015fkilatlar\u0131n\u0131 g\u00fc\u00e7lendirmek amac\u0131yla U\u015fak\u2019ta g\u00f6nderilen 47 yeni ara\u00e7 t\u00f6renle hizmete al\u0131nd\u0131.<br \/>\n<br \/>Cumhurba\u015fkan\u0131 Recep Tayyip Erdo\u011fan ve \u0130\u00e7i\u015fleri Bakan\u0131 Ali Yerlikaya\u2019n\u0131n kat\u0131l\u0131m\u0131yla ge\u00e7en hafta ger\u00e7ekle\u015ftirilen program kapsam\u0131nda, \u00fclke genelinde emniyet ve jandarma te\u015fkilatlar\u0131na tahsis edilen 9 bin 200 ara\u00e7tan, 47\u2019si U\u015fak\u2019a getirildi. 15 Temmuz \u015eehitler Meydan\u2019\u0131nda d\u00fczenlenen programa, U\u015fak Valisi Naci Akta\u015f, AK Parti U\u015fak Milletvekili \u0130smail G\u00fcne\u015f, CHP U\u015fak Milletvekili Ali Karaoba, Belediye Ba\u015fkan\u0131 \u00d6zkan Yal\u0131m, Cumhuriyet Ba\u015fsavc\u0131s\u0131 \u0130smet \u00c7\u0131nar, \u0130l Emniyet M\u00fcd\u00fcr\u00fc Taner \u00c7ift\u00e7i, \u0130l Jandarma Komutan Yard\u0131mc\u0131s\u0131 Albay Deniz \u00c7ezik, hay\u0131rseverler, emniyet ve jandarma personelleri kat\u0131ld\u0131.<br \/>\n<br \/>Burada konu\u015fma yapan Vali Akta\u015f; &#8220;Hedefimiz, \u00f6mr\u00fcn\u00fc tamamlayan ara\u00e7lar\u0131m\u0131z\u0131 yenilemekti. B\u00f6ylelikle hizmet kalitemizi daha da yukar\u0131ya \u00e7\u0131karabilmek. Emniyet ve jandarma te\u015fkilat\u0131m\u0131z ilimiz genelinde yakla\u015f\u0131k 2 bin ki\u015filik aile olarak g\u00f6rev yap\u0131yor. 7 g\u00fcn 24 saat ilimizin her noktas\u0131nda g\u00f6r\u00fcn\u00fcr olmaya gayret ediyoruz. Gerek sivil, gerek resmi ekiplerimiz yakla\u015f\u0131k 200 devriyemizle her noktada g\u00f6r\u00fcn\u00fcr olmaya devam ediyoruz. Yeni ekipmanlar\u0131m\u0131z\u0131n takviyesiyle bu g\u00f6r\u00fcn\u00fcrl\u00fc\u011f\u00fcm\u00fcz\u00fc daha da artt\u0131raca\u011f\u0131z. Buradan vatanda\u015flar\u0131m\u0131za net olarak \u015funu s\u00f6ylemek istiyorum. 375 bin vatanda\u015f\u0131m\u0131z\u0131n her birinin huzuru ve g\u00fcvenli\u011fi bizim sorumlulu\u011fumuzdad\u0131r. Onlar\u0131n g\u00fcvenli\u011fini ve huzurunu olumsuz etkileyecek her bir davran\u0131\u015f\u0131n kar\u015f\u0131s\u0131nda olaca\u011f\u0131z.&#8221; dedi.<br \/>\n<br \/>Konu\u015fmalar\u0131n ard\u0131ndan dua edilerek ara\u00e7lar yeni g\u00f6rev yerlerine u\u011furland\u0131.<br \/>\n<br \/>\u00d6te yandan, t\u00f6rende Vali Akta\u015f\u2019\u0131n yan\u0131 s\u0131ra protokol \u00fcyeleri de s\u00f6z alarak yeni ara\u00e7lar\u0131n emniyet ve jandarma te\u015fkilat\u0131na hay\u0131rl\u0131 olmas\u0131n\u0131 temenni etti.<br \/><\/p>\n","protected":false},"excerpt":{"rendered":"<p>Cumhurba\u015fkanl\u0131\u011f\u0131 taraf\u0131ndan emniyet ve jandarma te\u015fkilatlar\u0131n\u0131 g\u00fc\u00e7lendirmek amac\u0131yla U\u015fak\u2019ta g\u00f6nderilen 47 yeni ara\u00e7 t\u00f6renle hizmete al\u0131nd\u0131. Cumhurba\u015fkan\u0131 Recep Tayyip Erdo\u011fan ve \u0130\u00e7i\u015fleri Bakan\u0131 Ali Yerlikaya\u2019n\u0131n kat\u0131l\u0131m\u0131yla ge\u00e7en hafta ger\u00e7ekle\u015ftirilen program kapsam\u0131nda, \u00fclke genelinde emniyet ve jandarma te\u015fkilatlar\u0131na tahsis edilen 9 bin 200 ara\u00e7tan, 47\u2019si U\u015fak\u2019a getirildi. 15 Temmuz \u015eehitler Meydan\u2019\u0131nda d\u00fczenlenen programa, U\u015fak Valisi Naci&#8230;<\/p>\n","protected":false},"author":1,"featured_media":72204,"comment_status":"open","ping_status":"open","sticky":false,"template":"","format":"standard","meta":{"_crdt_document":"","footnotes":""},"categories":[5],"tags":[],"class_list":["post-72203","post","type-post","status-publish","format-standard","has-post-thumbnail","hentry","category-asayis"],"_links":{"self":[{"href":"https:\/\/www.egemtv.com\/index.php?rest_route=\/wp\/v2\/posts\/72203","targetHints":{"allow":["GET"]}}],"collection":[{"href":"https:\/\/www.egemtv.com\/index.php?rest_route=\/wp\/v2\/posts"}],"about":[{"href":"https:\/\/www.egemtv.com\/index.php?rest_route=\/wp\/v2\/types\/post"}],"author":[{"embeddable":true,"href":"https:\/\/www.egemtv.com\/index.php?rest_route=\/wp\/v2\/users\/1"}],"replies":[{"embeddable":true,"href":"https:\/\/www.egemtv.com\/index.php?rest_route=%2Fwp%2Fv2%2Fcomments&post=72203"}],"version-history":[{"count":1,"href":"https:\/\/www.egemtv.com\/index.php?rest_route=\/wp\/v2\/posts\/72203\/revisions"}],"predecessor-version":[{"id":72205,"href":"https:\/\/www.egemtv.com\/index.php?rest_route=\/wp\/v2\/posts\/72203\/revisions\/72205"}],"wp:featuredmedia":[{"embeddable":true,"href":"https:\/\/www.egemtv.com\/index.php?rest_route=\/wp\/v2\/media\/72204"}],"wp:attachment":[{"href":"https:\/\/www.egemtv.com\/index.php?rest_route=%2Fwp%2Fv2%2Fmedia&parent=72203"}],"wp:term":[{"taxonomy":"category","embeddable":true,"href":"https:\/\/www.egemtv.com\/index.php?rest_route=%2Fwp%2Fv2%2Fcategories&post=72203"},{"taxonomy":"post_tag","embeddable":true,"href":"https:\/\/www.egemtv.com\/index.php?rest_route=%2Fwp%2Fv2%2Ftags&post=72203"}],"curies":[{"name":"wp","href":"https:\/\/api.w.org\/{rel}","templated":true}]}}