{"id":72200,"date":"2025-12-05T12:55:34","date_gmt":"2025-12-05T09:55:34","guid":{"rendered":"https:\/\/www.egemtv.com\/?p=72200"},"modified":"2025-12-05T12:55:35","modified_gmt":"2025-12-05T09:55:35","slug":"judoda-grup-sampiyonasi-heyecani-denizlide-basliyor","status":"publish","type":"post","link":"https:\/\/www.egemtv.com\/?p=72200","title":{"rendered":"Judoda grup \u015fampiyonas\u0131 heyecan\u0131 Denizli\u2019de ba\u015fl\u0131yor"},"content":{"rendered":"<p>Okul Sporlar\u0131 Judo Gen\u00e7ler Grup \u015eampiyonas\u0131, 06-07 Aral\u0131k tarihleri aras\u0131nda Denizli\u2019nin ev sahipli\u011finde ger\u00e7ekle\u015fecek. \u0130ki g\u00fcn boyunca s\u00fcrecek m\u00fcsabakalarda; 12 ilden toplam 181 sporcu tatamiye \u00e7\u0131kacak.<\/p>\n<p>Gen\u00e7lik ve Spor Bakanl\u0131\u011f\u0131n\u0131n koordinesinde d\u00fczenlenen Okul Sporlar\u0131 yar\u0131\u015fmalar\u0131 farkl\u0131 bran\u015flarda devam ediyor. Yar\u0131\u015fmalar kapsam\u0131nda, 06-07 Aral\u0131k 2025 tarihleri aras\u0131nda Judo Gen\u00e7ler Grup M\u00fcsabakalar\u0131 Denizli\u2019nin ev sahipli\u011finde Hasan G\u00fcng\u00f6r Spor Salonu\u2019nda yap\u0131lacak. Denizli Gen\u00e7lik ve Spor \u0130l M\u00fcd\u00fcrl\u00fc\u011f\u00fc\u2019n\u00fcn organize edece\u011fi m\u00fcsabakalarda; 12 ilden 181 sporcu T\u00fcrkiye \u015eampiyonas\u0131\u2019na ad\u0131n\u0131 yazd\u0131rabilmek i\u00e7in Denizli\u2019de sahne alacak. Hasan G\u00fcng\u00f6r Spor Salonunda ger\u00e7ekle\u015fecek m\u00fcsabakalar\u0131n ard\u0131ndan, farkl\u0131 s\u0131kletlerde derece elde eden sporcular illerini T\u00fcrkiye \u015eampiyonas\u0131nda temsil etmeye hak kazanacak.<\/p>\n<p>\u015eampiyonan\u0131n teknik toplant\u0131s\u0131 05 Aral\u0131k Cuma g\u00fcn\u00fc saat 17.00\u2019de Hasan G\u00fcng\u00f6r Spor Salonunda ger\u00e7ekle\u015fecek.<br \/><\/p>\n","protected":false},"excerpt":{"rendered":"<p>Okul Sporlar\u0131 Judo Gen\u00e7ler Grup \u015eampiyonas\u0131, 06-07 Aral\u0131k tarihleri aras\u0131nda Denizli\u2019nin ev sahipli\u011finde ger\u00e7ekle\u015fecek. \u0130ki g\u00fcn boyunca s\u00fcrecek m\u00fcsabakalarda; 12 ilden toplam 181 sporcu tatamiye \u00e7\u0131kacak. Gen\u00e7lik ve Spor Bakanl\u0131\u011f\u0131n\u0131n koordinesinde d\u00fczenlenen Okul Sporlar\u0131 yar\u0131\u015fmalar\u0131 farkl\u0131 bran\u015flarda devam ediyor. Yar\u0131\u015fmalar kapsam\u0131nda, 06-07 Aral\u0131k 2025 tarihleri aras\u0131nda Judo Gen\u00e7ler Grup M\u00fcsabakalar\u0131 Denizli\u2019nin ev sahipli\u011finde Hasan G\u00fcng\u00f6r&#8230;<\/p>\n","protected":false},"author":1,"featured_media":72201,"comment_status":"open","ping_status":"open","sticky":false,"template":"","format":"standard","meta":{"_crdt_document":"","footnotes":""},"categories":[4],"tags":[],"class_list":["post-72200","post","type-post","status-publish","format-standard","has-post-thumbnail","hentry","category-spor"],"_links":{"self":[{"href":"https:\/\/www.egemtv.com\/index.php?rest_route=\/wp\/v2\/posts\/72200","targetHints":{"allow":["GET"]}}],"collection":[{"href":"https:\/\/www.egemtv.com\/index.php?rest_route=\/wp\/v2\/posts"}],"about":[{"href":"https:\/\/www.egemtv.com\/index.php?rest_route=\/wp\/v2\/types\/post"}],"author":[{"embeddable":true,"href":"https:\/\/www.egemtv.com\/index.php?rest_route=\/wp\/v2\/users\/1"}],"replies":[{"embeddable":true,"href":"https:\/\/www.egemtv.com\/index.php?rest_route=%2Fwp%2Fv2%2Fcomments&post=72200"}],"version-history":[{"count":1,"href":"https:\/\/www.egemtv.com\/index.php?rest_route=\/wp\/v2\/posts\/72200\/revisions"}],"predecessor-version":[{"id":72202,"href":"https:\/\/www.egemtv.com\/index.php?rest_route=\/wp\/v2\/posts\/72200\/revisions\/72202"}],"wp:featuredmedia":[{"embeddable":true,"href":"https:\/\/www.egemtv.com\/index.php?rest_route=\/wp\/v2\/media\/72201"}],"wp:attachment":[{"href":"https:\/\/www.egemtv.com\/index.php?rest_route=%2Fwp%2Fv2%2Fmedia&parent=72200"}],"wp:term":[{"taxonomy":"category","embeddable":true,"href":"https:\/\/www.egemtv.com\/index.php?rest_route=%2Fwp%2Fv2%2Fcategories&post=72200"},{"taxonomy":"post_tag","embeddable":true,"href":"https:\/\/www.egemtv.com\/index.php?rest_route=%2Fwp%2Fv2%2Ftags&post=72200"}],"curies":[{"name":"wp","href":"https:\/\/api.w.org\/{rel}","templated":true}]}}