{"id":72197,"date":"2025-12-05T12:55:33","date_gmt":"2025-12-05T09:55:33","guid":{"rendered":"https:\/\/www.egemtv.com\/?p=72197"},"modified":"2025-12-05T12:55:34","modified_gmt":"2025-12-05T09:55:34","slug":"motosiklet-ve-otomobilin-karistigi-kazada-1-kisi-yaralandi","status":"publish","type":"post","link":"https:\/\/www.egemtv.com\/?p=72197","title":{"rendered":"Motosiklet ve otomobilin kar\u0131\u015ft\u0131\u011f\u0131 kazada 1 ki\u015fi yaraland\u0131"},"content":{"rendered":"<p>Denizli\u2019nin Buldan il\u00e7esinde motosiklet ve otomobilin kar\u0131\u015ft\u0131\u011f\u0131 trafik kazas\u0131ndan 1 ki\u015fi yaraland\u0131.<\/p>\n<p>Kaza, Buldan il\u00e7esi Cumhuriyet Mahallesi\u2019nde meydana geldi. Edinilen bilgilere g\u00f6re; hen\u00fcz bilinmeyen nedenle seyir halindeki otomobil, kar\u015f\u0131dan gelen motosiklet ile \u00e7arp\u0131\u015ft\u0131. \u00c7arp\u0131\u015fman\u0131n ard\u0131ndan motosiklet s\u00fcr\u00fcc\u00fcs\u00fc savruldu. \u00c7evredeki vatanda\u015flar\u0131n ihbar\u0131 \u00fczerine b\u00f6lgeye polis ve sa\u011fl\u0131k ekipleri sevk edildi.<\/p>\n<p>B\u00f6lgeye gelen sa\u011fl\u0131k ekipleri yaral\u0131 olan motosiklet s\u00fcr\u00fcc\u00fcs\u00fcne olay yerinde yap\u0131lan ilk m\u00fcdahalelerin ard\u0131ndan ambulans ile Buldan G\u00f6\u011f\u00fcs Hastal\u0131klar\u0131 Hastanesine sevk etti. Kaza sonucunda ise motosiklet ve otomobilde maddi hasar meydana geldi.<\/p>\n<p>Kaza ile ilgili soru\u015fturma ba\u015flat\u0131ld\u0131.<br \/><\/p>\n","protected":false},"excerpt":{"rendered":"<p>Denizli\u2019nin Buldan il\u00e7esinde motosiklet ve otomobilin kar\u0131\u015ft\u0131\u011f\u0131 trafik kazas\u0131ndan 1 ki\u015fi yaraland\u0131. Kaza, Buldan il\u00e7esi Cumhuriyet Mahallesi\u2019nde meydana geldi. Edinilen bilgilere g\u00f6re; hen\u00fcz bilinmeyen nedenle seyir halindeki otomobil, kar\u015f\u0131dan gelen motosiklet ile \u00e7arp\u0131\u015ft\u0131. \u00c7arp\u0131\u015fman\u0131n ard\u0131ndan motosiklet s\u00fcr\u00fcc\u00fcs\u00fc savruldu. \u00c7evredeki vatanda\u015flar\u0131n ihbar\u0131 \u00fczerine b\u00f6lgeye polis ve sa\u011fl\u0131k ekipleri sevk edildi. B\u00f6lgeye gelen sa\u011fl\u0131k ekipleri yaral\u0131 olan&#8230;<\/p>\n","protected":false},"author":1,"featured_media":72198,"comment_status":"open","ping_status":"open","sticky":false,"template":"","format":"standard","meta":{"_crdt_document":"","footnotes":""},"categories":[5],"tags":[],"class_list":["post-72197","post","type-post","status-publish","format-standard","has-post-thumbnail","hentry","category-asayis"],"_links":{"self":[{"href":"https:\/\/www.egemtv.com\/index.php?rest_route=\/wp\/v2\/posts\/72197","targetHints":{"allow":["GET"]}}],"collection":[{"href":"https:\/\/www.egemtv.com\/index.php?rest_route=\/wp\/v2\/posts"}],"about":[{"href":"https:\/\/www.egemtv.com\/index.php?rest_route=\/wp\/v2\/types\/post"}],"author":[{"embeddable":true,"href":"https:\/\/www.egemtv.com\/index.php?rest_route=\/wp\/v2\/users\/1"}],"replies":[{"embeddable":true,"href":"https:\/\/www.egemtv.com\/index.php?rest_route=%2Fwp%2Fv2%2Fcomments&post=72197"}],"version-history":[{"count":1,"href":"https:\/\/www.egemtv.com\/index.php?rest_route=\/wp\/v2\/posts\/72197\/revisions"}],"predecessor-version":[{"id":72199,"href":"https:\/\/www.egemtv.com\/index.php?rest_route=\/wp\/v2\/posts\/72197\/revisions\/72199"}],"wp:featuredmedia":[{"embeddable":true,"href":"https:\/\/www.egemtv.com\/index.php?rest_route=\/wp\/v2\/media\/72198"}],"wp:attachment":[{"href":"https:\/\/www.egemtv.com\/index.php?rest_route=%2Fwp%2Fv2%2Fmedia&parent=72197"}],"wp:term":[{"taxonomy":"category","embeddable":true,"href":"https:\/\/www.egemtv.com\/index.php?rest_route=%2Fwp%2Fv2%2Fcategories&post=72197"},{"taxonomy":"post_tag","embeddable":true,"href":"https:\/\/www.egemtv.com\/index.php?rest_route=%2Fwp%2Fv2%2Ftags&post=72197"}],"curies":[{"name":"wp","href":"https:\/\/api.w.org\/{rel}","templated":true}]}}