{"id":72194,"date":"2025-12-05T12:34:58","date_gmt":"2025-12-05T09:34:58","guid":{"rendered":"https:\/\/www.egemtv.com\/?p=72194"},"modified":"2025-12-05T12:34:58","modified_gmt":"2025-12-05T09:34:58","slug":"aydin-buyuksehirden-saganak-mesaisi","status":"publish","type":"post","link":"https:\/\/www.egemtv.com\/?p=72194","title":{"rendered":"Ayd\u0131n B\u00fcy\u00fck\u015fehir\u2019den sa\u011fanak mesaisi"},"content":{"rendered":"<p>Kent genelinde etkili olan sa\u011fanak ya\u011f\u0131\u015fa kar\u015f\u0131 teyakkuza ge\u00e7en Ayd\u0131n B\u00fcy\u00fck\u015fehir Belediyesi ve ASK\u0130 ekipleri, gece g\u00fcnd\u00fcz demeden \u00e7al\u0131\u015fmalar\u0131n\u0131 s\u00fcrd\u00fcrerek vatanda\u015flar\u0131n can ve mal g\u00fcvenli\u011fini sa\u011flarken, muhtemel su basmalar\u0131n\u0131n \u00f6n\u00fcne ge\u00e7ilmesi amac\u0131yla yapraklar veya \u00e7\u00f6pler nedeniyle t\u0131kanan mazgallarda temizlik \u00e7al\u0131\u015fmas\u0131 ger\u00e7ekle\u015ftirdi.<\/p>\n<p>Ayd\u0131n B\u00fcy\u00fck\u015fehir Belediyesi, kent genelinde etkili olan sa\u011fanak ya\u011f\u0131\u015f nedeniyle m\u00fcdahale \u00e7al\u0131\u015fmalar\u0131n\u0131 s\u00fcrd\u00fcr\u00fcyor. Kent genelinde etkili olan \u015fiddetli sa\u011fanak ya\u011f\u0131\u015fa kar\u015f\u0131 Ayd\u0131n B\u00fcy\u00fck\u015fehir Belediyesi ve ASK\u0130 ekipleri teyakkuza ge\u00e7ti. B\u00fcy\u00fck\u015fehir Belediyesi Fen \u0130\u015fleri Dairesi Ba\u015fkanl\u0131\u011f\u0131, \u0130tfaiye Daire Ba\u015fkanl\u0131\u011f\u0131, Park ve Bah\u00e7eler Dairesi Ba\u015fkanl\u0131\u011f\u0131, \u00c7evre Koruma ve Kontrol Dairesi Ba\u015fkanl\u0131\u011f\u0131 ile ASK\u0130 ekiplerinin hummal\u0131 \u00e7al\u0131\u015fmalar\u0131 ile vatanda\u015flar\u0131n can ve mal g\u00fcvenli\u011fi g\u00fcvence alt\u0131na al\u0131n\u0131yor. Bu kapsamda \u00e7al\u0131\u015fmalar\u0131n\u0131 s\u00fcrd\u00fcren ekipler, il genelinde bulunan ve zamanla yapraklar, \u00e7\u00f6pler nedeniyle t\u0131kanan mazgallar\u0131n da temizli\u011fini ger\u00e7ekle\u015ftirdi.<\/p>\n<p>Ge\u00e7mi\u015fte hayata ge\u00e7irilen \u00e7al\u0131\u015fmalar ile kenti muhtemel ya\u011f\u0131\u015flara haz\u0131rlayan B\u00fcy\u00fck\u015fehir Belediyesi, ya\u011f\u0131\u015f boyunca da sahada g\u00f6revlerine devam etti. Gece g\u00fcnd\u00fcz demeden \u00e7al\u0131\u015fmalar\u0131n\u0131 s\u00fcrd\u00fcren ekipler, k\u0131rsal mahallelerden kent merkezlerine kadar vatanda\u015flara hizmet verdi. B\u00fcy\u00fck\u015fehir Belediyesi ve ASK\u0130 ekiplerinin \u00e7al\u0131\u015fmalar\u0131n\u0131n devam edece\u011fini belirten Ayd\u0131n B\u00fcy\u00fck\u015fehir Belediye Ba\u015fkan\u0131 \u00d6zlem \u00c7er\u00e7io\u011flu, B\u00fcy\u00fck\u015fehir Belediyesi H\u0131zl\u0131 \u00c7\u00f6z\u00fcm Merkezi\u2019nin de vatanda\u015flar\u0131n hizmetinde oldu\u011funu hat\u0131rlatt\u0131.<br \/><\/p>\n","protected":false},"excerpt":{"rendered":"<p>Kent genelinde etkili olan sa\u011fanak ya\u011f\u0131\u015fa kar\u015f\u0131 teyakkuza ge\u00e7en Ayd\u0131n B\u00fcy\u00fck\u015fehir Belediyesi ve ASK\u0130 ekipleri, gece g\u00fcnd\u00fcz demeden \u00e7al\u0131\u015fmalar\u0131n\u0131 s\u00fcrd\u00fcrerek vatanda\u015flar\u0131n can ve mal g\u00fcvenli\u011fini sa\u011flarken, muhtemel su basmalar\u0131n\u0131n \u00f6n\u00fcne ge\u00e7ilmesi amac\u0131yla yapraklar veya \u00e7\u00f6pler nedeniyle t\u0131kanan mazgallarda temizlik \u00e7al\u0131\u015fmas\u0131 ger\u00e7ekle\u015ftirdi. Ayd\u0131n B\u00fcy\u00fck\u015fehir Belediyesi, kent genelinde etkili olan sa\u011fanak ya\u011f\u0131\u015f nedeniyle m\u00fcdahale \u00e7al\u0131\u015fmalar\u0131n\u0131 s\u00fcrd\u00fcr\u00fcyor. Kent&#8230;<\/p>\n","protected":false},"author":1,"featured_media":72195,"comment_status":"open","ping_status":"open","sticky":false,"template":"","format":"standard","meta":{"_crdt_document":"","footnotes":""},"categories":[1],"tags":[],"class_list":["post-72194","post","type-post","status-publish","format-standard","has-post-thumbnail","hentry","category-guncel"],"_links":{"self":[{"href":"https:\/\/www.egemtv.com\/index.php?rest_route=\/wp\/v2\/posts\/72194","targetHints":{"allow":["GET"]}}],"collection":[{"href":"https:\/\/www.egemtv.com\/index.php?rest_route=\/wp\/v2\/posts"}],"about":[{"href":"https:\/\/www.egemtv.com\/index.php?rest_route=\/wp\/v2\/types\/post"}],"author":[{"embeddable":true,"href":"https:\/\/www.egemtv.com\/index.php?rest_route=\/wp\/v2\/users\/1"}],"replies":[{"embeddable":true,"href":"https:\/\/www.egemtv.com\/index.php?rest_route=%2Fwp%2Fv2%2Fcomments&post=72194"}],"version-history":[{"count":1,"href":"https:\/\/www.egemtv.com\/index.php?rest_route=\/wp\/v2\/posts\/72194\/revisions"}],"predecessor-version":[{"id":72196,"href":"https:\/\/www.egemtv.com\/index.php?rest_route=\/wp\/v2\/posts\/72194\/revisions\/72196"}],"wp:featuredmedia":[{"embeddable":true,"href":"https:\/\/www.egemtv.com\/index.php?rest_route=\/wp\/v2\/media\/72195"}],"wp:attachment":[{"href":"https:\/\/www.egemtv.com\/index.php?rest_route=%2Fwp%2Fv2%2Fmedia&parent=72194"}],"wp:term":[{"taxonomy":"category","embeddable":true,"href":"https:\/\/www.egemtv.com\/index.php?rest_route=%2Fwp%2Fv2%2Fcategories&post=72194"},{"taxonomy":"post_tag","embeddable":true,"href":"https:\/\/www.egemtv.com\/index.php?rest_route=%2Fwp%2Fv2%2Ftags&post=72194"}],"curies":[{"name":"wp","href":"https:\/\/api.w.org\/{rel}","templated":true}]}}