{"id":72191,"date":"2025-12-05T12:14:56","date_gmt":"2025-12-05T09:14:56","guid":{"rendered":"https:\/\/www.egemtv.com\/?p=72191"},"modified":"2025-12-05T12:14:57","modified_gmt":"2025-12-05T09:14:57","slug":"mentesede-yerel-esitlik-eylem-plani-calistayi-duzenlendi","status":"publish","type":"post","link":"https:\/\/www.egemtv.com\/?p=72191","title":{"rendered":"Mente\u015fe\u2019de \u2019Yerel E\u015fitlik Eylem Plan\u0131 \u00c7al\u0131\u015ftay\u0131\u2019 d\u00fczenlendi"},"content":{"rendered":"<p>Mente\u015fe Belediyesi\u2019nin, kentte adil bir ya\u015fam modeli olu\u015fturmak amac\u0131yla haz\u0131rlad\u0131\u011f\u0131 &#8220;Yerel E\u015fitlik Eylem Plan\u0131 \u00c7al\u0131\u015ftay\u0131&#8221;, T\u00fcrkan Saylan \u00c7a\u011fda\u015f Ya\u015fam Merkezi\u2019nde ger\u00e7ekle\u015ftirildi. \u00c7al\u0131\u015ftaya alanlar\u0131nda uzman akademisyenler ve sivil toplum temsilcileri kat\u0131larak \u00e7e\u015fitli ba\u015fl\u0131klarda sunumlar yapt\u0131.<\/p>\n<p>Programda; Prof. Dr. Melek Z\u00fchre S\u00f6zeri &#8220;Kad\u0131na Y\u00f6nelik \u015eiddet&#8221;, Prof. Dr. \u00d6zlem K\u0131rl\u0131 Baydur &#8220;Toplumsal Cinsiyet Fark\u0131ndal\u0131\u011f\u0131 ve Kat\u0131l\u0131m&#8221;, Prof. Dr. \u00d6zlem \u015eahin G\u00fcng\u00f6r &#8220;\u0130stihdam ve E\u011fitim&#8221;, Dicle Dilan \u00d6zmen Kaya &#8220;Sa\u011fl\u0131k&#8221;, Prof. Dr. \u0130lkim \u00c7\u0131tak Karakaya &#8220;Gen\u00e7lik&#8221;, Ali Bak\u0131r &#8220;Ya\u015fl\u0131l\u0131k&#8221;, Necla Dal ve Prof. Dr. \u00d6zlem \u015eahin G\u00fcng\u00f6r ise genel de\u011ferlendirme sunumlar\u0131n\u0131 ger\u00e7ekle\u015ftirdi.<\/p>\n<p>\u00c7al\u0131\u015ftay\u0131n a\u00e7\u0131l\u0131\u015f konu\u015fmas\u0131n\u0131 yapan Mente\u015fe Belediye Ba\u015fkan\u0131 Gonca K\u00f6ksal Aras, e\u015fitlik kavram\u0131n\u0131n yaln\u0131zca kad\u0131n ve erkek aras\u0131nda de\u011fil, toplumun t\u00fcm kesimlerini kapsayan geni\u015f bir \u00e7er\u00e7evede ele al\u0131nmas\u0131 gerekti\u011fini vurgulad\u0131.<\/p>\n<p>Ba\u015fkan Aras konu\u015fmas\u0131nda \u015fu ifadelere yer verdi: &#8220;Yerel E\u015fitlik Eylem Plan\u0131 deyince akla direkt kad\u0131n-erkek e\u015fitsizli\u011fi gelse de biz daha geni\u015f bir perspektiften bak\u0131yoruz. E\u015fit yurtta\u015fl\u0131k hakk\u0131, adalet ve onurlu ya\u015fam kavramlar\u0131 bizim temel yakla\u015f\u0131m\u0131m\u0131z. Hepimiz bebek olarak do\u011fuyor, b\u00fcy\u00fcyor, ya\u015f al\u0131yoruz. Hayat\u0131n bir d\u00f6neminde hepimiz engelli olabiliriz. Bu kenti hepimiz payla\u015f\u0131yoruz.&#8221;<\/p>\n<p>Aras, yaln\u0131zca insanlar aras\u0131nda de\u011fil, do\u011faya ve di\u011fer canl\u0131lara y\u00f6nelik e\u015fitsizlikler ve \u015fiddet olgular\u0131n\u0131n da \u00e7al\u0131\u015ftay\u0131n g\u00fcndeminde olmas\u0131 gerekti\u011fini ifade ederek, &#8220;\u00c7ocu\u011fa y\u00f6nelik \u015fiddet, kad\u0131na y\u00f6nelik \u015fiddet oldu\u011fu gibi do\u011faya y\u00f6nelik \u015fiddet de var. \u00d6zellikle Mu\u011fla gibi cennet bir kentte \u00e7evresel bask\u0131lar \u00e7ok daha derin ya\u015fan\u0131yor. Sokak hayvanlar\u0131na dair tart\u0131\u015fmalar da bunun bir par\u00e7as\u0131&#8221; diye konu\u015ftu.<\/p>\n<p>&#8220;Her karar\u0131 isti\u015fareyle ald\u0131k, hi\u00e7bir \u015feyi \u2018m\u0131\u015f gibi\u2019 yapmad\u0131k&#8221;<br \/>\n<br \/>Belediye \u00e7al\u0131\u015fmalar\u0131n\u0131n adil bak\u0131\u015f a\u00e7\u0131s\u0131yla \u015fekillendirildi\u011fini belirten Ba\u015fkan Aras, kre\u015flerden kad\u0131n ya\u015fam merkezlerine, engelli rampalar\u0131ndan park ayd\u0131nlatmalar\u0131na kadar t\u00fcm projelerde e\u015fitli\u011fin \u00f6n planda tutuldu\u011funu s\u00f6yledi Aras, &#8220;Kre\u015fi nerede a\u00e7aca\u011f\u0131m\u0131z bile \u00f6nemli bir karard\u0131. Kad\u0131nlar\u0131n istihdama daha kolay kat\u0131labilece\u011fi Bay\u0131r Mahallesi\u2019nde a\u00e7t\u0131k. Mekansal de\u011fi\u015fikliklerin her biri asl\u0131nda e\u015fitli\u011fi g\u00fc\u00e7lendirmek i\u00e7in yap\u0131l\u0131yor.&#8221;<\/p>\n<p>Aras, Mu\u011fla\u2019n\u0131n ilk kad\u0131n il\u00e7e belediye ba\u015fkan\u0131 olarak bu g\u00f6reve gelmesinin de e\u015fitlik m\u00fccadelesinin bir par\u00e7as\u0131 oldu\u011funu ifade etti.<\/p>\n<p>5 Aral\u0131k\u2019\u0131n anlam\u0131 vurguland\u0131<br \/>\n<br \/>5 Aral\u0131k T\u00fcrk kad\u0131n\u0131na se\u00e7me ve se\u00e7ilme hakk\u0131 tan\u0131nmas\u0131n\u0131n 91. y\u0131l d\u00f6n\u00fcm\u00fc oldu\u011funu hat\u0131rlatan Aras, Atat\u00fcrk\u2019\u00fcn vizyonu ve kad\u0131n m\u00fccadelesinin tarihi \u00f6nemine dikkat \u00e7ekerek, &#8220;Toplum kad\u0131n ve erkekten olu\u015fur. Yar\u0131s\u0131 zincirlerle yere ba\u011fl\u0131yken di\u011fer yar\u0131s\u0131 g\u00f6klere y\u00fckselemez. Ancak e\u015fit haklara sahip olursak toplum y\u00fckselebilir. Bu m\u00fccadelede yer alan t\u00fcm kad\u0131nlar\u0131 sayg\u0131yla an\u0131yorum&#8221; diye konu\u015ftu.<\/p>\n<p>&#8220;Ortak ak\u0131lla ilerleyece\u011fiz&#8221;<br \/>\n<br \/>Konu\u015fmas\u0131n\u0131n sonunda t\u00fcm kat\u0131l\u0131mc\u0131lara te\u015fekk\u00fcr eden Ba\u015fkan Aras, \u00e7al\u0131\u015ftaydan \u00e7\u0131kacak sonu\u00e7lar\u0131n Yerel E\u015fitlik Eylem Plan\u0131\u2019n\u0131n yol haritas\u0131n\u0131 olu\u015fturaca\u011f\u0131n\u0131 belirtti.<br \/><\/p>\n","protected":false},"excerpt":{"rendered":"<p>Mente\u015fe Belediyesi\u2019nin, kentte adil bir ya\u015fam modeli olu\u015fturmak amac\u0131yla haz\u0131rlad\u0131\u011f\u0131 &#8220;Yerel E\u015fitlik Eylem Plan\u0131 \u00c7al\u0131\u015ftay\u0131&#8221;, T\u00fcrkan Saylan \u00c7a\u011fda\u015f Ya\u015fam Merkezi\u2019nde ger\u00e7ekle\u015ftirildi. \u00c7al\u0131\u015ftaya alanlar\u0131nda uzman akademisyenler ve sivil toplum temsilcileri kat\u0131larak \u00e7e\u015fitli ba\u015fl\u0131klarda sunumlar yapt\u0131. Programda; Prof. Dr. Melek Z\u00fchre S\u00f6zeri &#8220;Kad\u0131na Y\u00f6nelik \u015eiddet&#8221;, Prof. Dr. \u00d6zlem K\u0131rl\u0131 Baydur &#8220;Toplumsal Cinsiyet Fark\u0131ndal\u0131\u011f\u0131 ve Kat\u0131l\u0131m&#8221;, Prof. Dr&#8230;.<\/p>\n","protected":false},"author":1,"featured_media":72192,"comment_status":"open","ping_status":"open","sticky":false,"template":"","format":"standard","meta":{"_crdt_document":"","footnotes":""},"categories":[1],"tags":[],"class_list":["post-72191","post","type-post","status-publish","format-standard","has-post-thumbnail","hentry","category-guncel"],"_links":{"self":[{"href":"https:\/\/www.egemtv.com\/index.php?rest_route=\/wp\/v2\/posts\/72191","targetHints":{"allow":["GET"]}}],"collection":[{"href":"https:\/\/www.egemtv.com\/index.php?rest_route=\/wp\/v2\/posts"}],"about":[{"href":"https:\/\/www.egemtv.com\/index.php?rest_route=\/wp\/v2\/types\/post"}],"author":[{"embeddable":true,"href":"https:\/\/www.egemtv.com\/index.php?rest_route=\/wp\/v2\/users\/1"}],"replies":[{"embeddable":true,"href":"https:\/\/www.egemtv.com\/index.php?rest_route=%2Fwp%2Fv2%2Fcomments&post=72191"}],"version-history":[{"count":1,"href":"https:\/\/www.egemtv.com\/index.php?rest_route=\/wp\/v2\/posts\/72191\/revisions"}],"predecessor-version":[{"id":72193,"href":"https:\/\/www.egemtv.com\/index.php?rest_route=\/wp\/v2\/posts\/72191\/revisions\/72193"}],"wp:featuredmedia":[{"embeddable":true,"href":"https:\/\/www.egemtv.com\/index.php?rest_route=\/wp\/v2\/media\/72192"}],"wp:attachment":[{"href":"https:\/\/www.egemtv.com\/index.php?rest_route=%2Fwp%2Fv2%2Fmedia&parent=72191"}],"wp:term":[{"taxonomy":"category","embeddable":true,"href":"https:\/\/www.egemtv.com\/index.php?rest_route=%2Fwp%2Fv2%2Fcategories&post=72191"},{"taxonomy":"post_tag","embeddable":true,"href":"https:\/\/www.egemtv.com\/index.php?rest_route=%2Fwp%2Fv2%2Ftags&post=72191"}],"curies":[{"name":"wp","href":"https:\/\/api.w.org\/{rel}","templated":true}]}}