{"id":72185,"date":"2025-12-05T11:34:54","date_gmt":"2025-12-05T08:34:54","guid":{"rendered":"https:\/\/www.egemtv.com\/?p=72185"},"modified":"2025-12-05T11:34:55","modified_gmt":"2025-12-05T08:34:55","slug":"salihli-ilce-tarim-ve-orman-mudurlugunde-gorev-degisimi","status":"publish","type":"post","link":"https:\/\/www.egemtv.com\/?p=72185","title":{"rendered":"Salihli \u0130l\u00e7e Tar\u0131m ve Orman M\u00fcd\u00fcrl\u00fc\u011f\u00fc\u2019nde g\u00f6rev de\u011fi\u015fimi"},"content":{"rendered":"<p>Manisa\u2019n\u0131n Salihli il\u00e7esindeki Tar\u0131m ve Orman M\u00fcd\u00fcrl\u00fc\u011f\u00fc\u2019nde g\u00f6rev de\u011fi\u015fimi ger\u00e7ekle\u015fti. Yakla\u015f\u0131k 10 y\u0131ld\u0131r Salihli \u0130l\u00e7e Tar\u0131m ve Orman M\u00fcd\u00fcr\u00fc olarak g\u00f6rev yapan Ali Demir, Tar\u0131m ve Orman Bakanl\u0131\u011f\u0131 taraf\u0131ndan uygulanan zorunlu rotasyon nedeniyle g\u00f6revini Murat Yasak\u2019a devretti.<br \/>\n<br \/>\u0130l\u00e7e Tar\u0131m ve Orman M\u00fcd\u00fcrl\u00fc\u011f\u00fc\u2019nde d\u00fczenlenen devir teslim t\u00f6reninde konu\u015fan Ali Demir, g\u00f6rev s\u00fcresi boyunca destek veren t\u00fcm kurum \u00e7al\u0131\u015fanlar\u0131na te\u015fekk\u00fcr ederek yeni M\u00fcd\u00fcr Murat Yasak\u2019a ba\u015far\u0131lar diledi.<br \/>\n<br \/>G\u00f6revi devralan Murat Yasak ise Salihli\u2019ye hizmet etmekten duydu\u011fu memnuniyeti dile getirerek, \u00e7al\u0131\u015fmalar\u0131 daha da ileriye ta\u015f\u0131mak i\u00e7in gayret g\u00f6sterece\u011fini ifade etti.<br \/>\n<br \/>Manisa \u0130l Tar\u0131m ve Orman M\u00fcd\u00fcr Yard\u0131mc\u0131s\u0131 Ali G\u00f6k, il\u00e7eye katk\u0131 sunan ba\u015far\u0131l\u0131 \u00e7al\u0131\u015fmalar\u0131 i\u00e7in Ali Demir\u2019e te\u015fekk\u00fcr ederken, yeni \u0130l\u00e7e Tar\u0131m ve Orman M\u00fcd\u00fcr\u00fc Murat Yasak\u2019a da hay\u0131rl\u0131 olsun dileklerini iletti.<br \/><\/p>\n","protected":false},"excerpt":{"rendered":"<p>Manisa\u2019n\u0131n Salihli il\u00e7esindeki Tar\u0131m ve Orman M\u00fcd\u00fcrl\u00fc\u011f\u00fc\u2019nde g\u00f6rev de\u011fi\u015fimi ger\u00e7ekle\u015fti. Yakla\u015f\u0131k 10 y\u0131ld\u0131r Salihli \u0130l\u00e7e Tar\u0131m ve Orman M\u00fcd\u00fcr\u00fc olarak g\u00f6rev yapan Ali Demir, Tar\u0131m ve Orman Bakanl\u0131\u011f\u0131 taraf\u0131ndan uygulanan zorunlu rotasyon nedeniyle g\u00f6revini Murat Yasak\u2019a devretti. \u0130l\u00e7e Tar\u0131m ve Orman M\u00fcd\u00fcrl\u00fc\u011f\u00fc\u2019nde d\u00fczenlenen devir teslim t\u00f6reninde konu\u015fan Ali Demir, g\u00f6rev s\u00fcresi boyunca destek veren t\u00fcm&#8230;<\/p>\n","protected":false},"author":1,"featured_media":72186,"comment_status":"open","ping_status":"open","sticky":false,"template":"","format":"standard","meta":{"_crdt_document":"","footnotes":""},"categories":[127],"tags":[],"class_list":["post-72185","post","type-post","status-publish","format-standard","has-post-thumbnail","hentry","category-siyaset"],"_links":{"self":[{"href":"https:\/\/www.egemtv.com\/index.php?rest_route=\/wp\/v2\/posts\/72185","targetHints":{"allow":["GET"]}}],"collection":[{"href":"https:\/\/www.egemtv.com\/index.php?rest_route=\/wp\/v2\/posts"}],"about":[{"href":"https:\/\/www.egemtv.com\/index.php?rest_route=\/wp\/v2\/types\/post"}],"author":[{"embeddable":true,"href":"https:\/\/www.egemtv.com\/index.php?rest_route=\/wp\/v2\/users\/1"}],"replies":[{"embeddable":true,"href":"https:\/\/www.egemtv.com\/index.php?rest_route=%2Fwp%2Fv2%2Fcomments&post=72185"}],"version-history":[{"count":1,"href":"https:\/\/www.egemtv.com\/index.php?rest_route=\/wp\/v2\/posts\/72185\/revisions"}],"predecessor-version":[{"id":72187,"href":"https:\/\/www.egemtv.com\/index.php?rest_route=\/wp\/v2\/posts\/72185\/revisions\/72187"}],"wp:featuredmedia":[{"embeddable":true,"href":"https:\/\/www.egemtv.com\/index.php?rest_route=\/wp\/v2\/media\/72186"}],"wp:attachment":[{"href":"https:\/\/www.egemtv.com\/index.php?rest_route=%2Fwp%2Fv2%2Fmedia&parent=72185"}],"wp:term":[{"taxonomy":"category","embeddable":true,"href":"https:\/\/www.egemtv.com\/index.php?rest_route=%2Fwp%2Fv2%2Fcategories&post=72185"},{"taxonomy":"post_tag","embeddable":true,"href":"https:\/\/www.egemtv.com\/index.php?rest_route=%2Fwp%2Fv2%2Ftags&post=72185"}],"curies":[{"name":"wp","href":"https:\/\/api.w.org\/{rel}","templated":true}]}}