{"id":72179,"date":"2025-12-05T11:34:53","date_gmt":"2025-12-05T08:34:53","guid":{"rendered":"https:\/\/www.egemtv.com\/?p=72179"},"modified":"2025-12-05T11:34:53","modified_gmt":"2025-12-05T08:34:53","slug":"manisada-suclara-gecit-yok","status":"publish","type":"post","link":"https:\/\/www.egemtv.com\/?p=72179","title":{"rendered":"Manisa\u2019da su\u00e7lara ge\u00e7it yok"},"content":{"rendered":"<p>Manisa Valisi Vahdettin \u00d6zkan, kas\u0131m ay\u0131na ait asayi\u015f ve g\u00fcvenlik raporunu a\u00e7\u0131klad\u0131. Vali \u00d6zkan kas\u0131m ay\u0131nda yap\u0131lan narkotik operasyonlar\u0131nda 465 \u015f\u00fcphelinin g\u00f6zalt\u0131na al\u0131nd\u0131\u011f\u0131n\u0131 ve su\u00e7lar\u0131n ayd\u0131nlat\u0131lma oran\u0131n\u0131n y\u00fczde 98\u2019e ula\u015ft\u0131\u011f\u0131n\u0131 a\u00e7\u0131klad\u0131.<br \/>\n<br \/>Manisa Valisi Vahdettin \u00d6zkan, \u0130l Jandarma Komutan\u0131 Tu\u011fgeneral \u0130lhan \u015een ve \u0130l Emniyet M\u00fcd\u00fcr\u00fc Fahri Akta\u015f ile birlikte kas\u0131m ay\u0131na ili\u015fkin asayi\u015f ve g\u00fcvenlik de\u011ferlendirme toplant\u0131s\u0131n\u0131 ger\u00e7ekle\u015ftirdi. Vali \u00d6zkan, il genelinde huzur ve kamu d\u00fczenini tehdit eden t\u00fcm unsurlara kar\u015f\u0131 kararl\u0131 ve \u00e7ok y\u00f6nl\u00fc bir m\u00fccadelenin s\u00fcrd\u00fcr\u00fcld\u00fc\u011f\u00fcn\u00fc vurgulad\u0131.<br \/>\n<br \/>Ter\u00f6rle m\u00fccadeleden ka\u00e7ak\u00e7\u0131l\u0131kla m\u00fccadeleye, narkotik operasyonlar\u0131ndan trafik denetimlerine kadar t\u00fcm birimlerin titizlikle \u00e7al\u0131\u015ft\u0131\u011f\u0131n\u0131 ifade eden Vali \u00d6zkan, &#8220;Memleketimizin birli\u011fi ve b\u00fct\u00fcnl\u00fc\u011f\u00fc ile kamu d\u00fczeninin muhafazas\u0131 en \u00f6ncelikli g\u00f6revimizdir.&#8221; dedi.<\/p>\n<p>Ka\u00e7ak\u00e7\u0131l\u0131kla m\u00fccadelede 34 operasyon<br \/>\n<br \/>Kas\u0131m ay\u0131nda ka\u00e7ak\u00e7\u0131l\u0131kla m\u00fccadele kapsam\u0131nda 34 operasyon d\u00fczenledi\u011fini a\u00e7\u0131klayan Vali \u00d6zkan, operasyonlarda 38 \u015f\u00fcphelinin g\u00f6zalt\u0131na al\u0131nd\u0131\u011f\u0131n\u0131 ve haklar\u0131nda gerekli adli i\u015flemlerin yap\u0131ld\u0131\u011f\u0131n\u0131 a\u00e7\u0131klad\u0131. Vali \u00d6zkan, kay\u0131t d\u0131\u015f\u0131l\u0131kla m\u00fccadelenin aral\u0131ks\u0131z s\u00fcrd\u00fc\u011f\u00fcn\u00fc belirtti.<\/p>\n<p>Narkotik su\u00e7larda 95 operasyon, 465 g\u00f6zalt\u0131<br \/>\n<br \/>Narkotik su\u00e7larla m\u00fccadele \u00e7al\u0131\u015fmalar\u0131nda ise ay boyunca 95 operasyon ger\u00e7ekle\u015ftirildi\u011fini kaydeden Vali \u00d6zkan, &#8220;Bu operasyonlarda 465 ki\u015fi g\u00f6zalt\u0131na al\u0131n\u0131rken, 75 \u015f\u00fcpheli tutukland\u0131, 24 ki\u015fi adli kontrol alt\u0131na al\u0131nd\u0131. Uyu\u015fturucuyla m\u00fccadelenin arz-talep dengesi, rehabilitasyon ve kamu i\u015f birli\u011fiyle \u00e7ok y\u00f6nl\u00fc \u015fekilde y\u00fcr\u00fct\u00fcl\u00fcyor.&#8221; dedi.<\/p>\n<p>Su\u00e7lar\u0131 ayd\u0131nlatma oran\u0131 y\u00fczde 98<br \/>\n<br \/>Manisa\u2019da su\u00e7lar\u0131n ayd\u0131nlat\u0131lma oran\u0131n\u0131n y\u00fczde 98 seviyesine ula\u015ft\u0131\u011f\u0131n\u0131 ifade eden Vali \u00d6zkan, haklar\u0131nda hapis cezas\u0131 bulunan veya aranan ki\u015filerle ilgili \u00e7al\u0131\u015fmalar\u0131n da s\u00fcrd\u00fc\u011f\u00fcn\u00fc belirtti. Vali \u00d6zkan, bu kapsamda kas\u0131m ay\u0131nda 373 ki\u015finin yakaland\u0131\u011f\u0131n\u0131, ayn\u0131 d\u00f6nemde ruhsats\u0131z silahlarla m\u00fccadele kapsam\u0131nda 94 ki\u015fi hakk\u0131nda i\u015flem yap\u0131ld\u0131\u011f\u0131n\u0131 ifade etti.<\/p>\n<p>Siber su\u00e7larda 131 hesap tespit edildi<br \/>\n<br \/>Kas\u0131m ay\u0131nda siber su\u00e7larla m\u00fccadele \u00e7er\u00e7evesinde 131 hesab\u0131n tespit edildi\u011fini kaydeden Vali \u00d6zkan, bu hesaplardan 6\u2019s\u0131n\u0131n ter\u00f6r iltisakl\u0131 oldu\u011funun belirlendi\u011fini, siber su\u00e7larla ba\u011flant\u0131l\u0131 olarak da 5 ki\u015finin tutukland\u0131\u011f\u0131n\u0131 bildirdi.<\/p>\n<p>267 bin trafik denetimi<br \/>\n<br \/>Vali \u00d6zkan, trafik g\u00fcvenli\u011fini sa\u011flamak amac\u0131yla ay boyunca 267 bin trafik denetimi yap\u0131ld\u0131\u011f\u0131n\u0131 ve 44 bin i\u015flem uyguland\u0131\u011f\u0131n\u0131 anlatt\u0131.<br \/>\n<br \/>Kas\u0131m ay\u0131nda 98 d\u00fczensiz g\u00f6\u00e7men yakaland\u0131\u011f\u0131n\u0131 kaydeden Vali \u00d6zkan, d\u00fczensiz g\u00f6\u00e7menler hakk\u0131nda gerekli i\u015flemlerin ba\u015flat\u0131ld\u0131\u011f\u0131n\u0131 ifade etti.<br \/>\n<br \/>Manisa\u2019n\u0131n huzur ve g\u00fcvenli\u011finin sa\u011flanmas\u0131 i\u00e7in emniyet ve jandarma birimleriyle tam koordinasyon i\u00e7inde \u00e7al\u0131\u015ft\u0131klar\u0131n\u0131 vurgulayan Vali \u00d6zkan, &#8220;Vatanda\u015flar\u0131m\u0131z\u0131n deste\u011fi bizim i\u00e7in \u00e7ok k\u0131ymetli. T\u00fcm birimlerimizle birlikte \u015fehrimizin huzurunu korumaya kararl\u0131l\u0131kla devam ediyoruz.&#8221; dedi.<br \/><\/p>\n","protected":false},"excerpt":{"rendered":"<p>Manisa Valisi Vahdettin \u00d6zkan, kas\u0131m ay\u0131na ait asayi\u015f ve g\u00fcvenlik raporunu a\u00e7\u0131klad\u0131. Vali \u00d6zkan kas\u0131m ay\u0131nda yap\u0131lan narkotik operasyonlar\u0131nda 465 \u015f\u00fcphelinin g\u00f6zalt\u0131na al\u0131nd\u0131\u011f\u0131n\u0131 ve su\u00e7lar\u0131n ayd\u0131nlat\u0131lma oran\u0131n\u0131n y\u00fczde 98\u2019e ula\u015ft\u0131\u011f\u0131n\u0131 a\u00e7\u0131klad\u0131. Manisa Valisi Vahdettin \u00d6zkan, \u0130l Jandarma Komutan\u0131 Tu\u011fgeneral \u0130lhan \u015een ve \u0130l Emniyet M\u00fcd\u00fcr\u00fc Fahri Akta\u015f ile birlikte kas\u0131m ay\u0131na ili\u015fkin asayi\u015f ve g\u00fcvenlik&#8230;<\/p>\n","protected":false},"author":1,"featured_media":72180,"comment_status":"open","ping_status":"open","sticky":false,"template":"","format":"standard","meta":{"_crdt_document":"","footnotes":""},"categories":[5],"tags":[],"class_list":["post-72179","post","type-post","status-publish","format-standard","has-post-thumbnail","hentry","category-asayis"],"_links":{"self":[{"href":"https:\/\/www.egemtv.com\/index.php?rest_route=\/wp\/v2\/posts\/72179","targetHints":{"allow":["GET"]}}],"collection":[{"href":"https:\/\/www.egemtv.com\/index.php?rest_route=\/wp\/v2\/posts"}],"about":[{"href":"https:\/\/www.egemtv.com\/index.php?rest_route=\/wp\/v2\/types\/post"}],"author":[{"embeddable":true,"href":"https:\/\/www.egemtv.com\/index.php?rest_route=\/wp\/v2\/users\/1"}],"replies":[{"embeddable":true,"href":"https:\/\/www.egemtv.com\/index.php?rest_route=%2Fwp%2Fv2%2Fcomments&post=72179"}],"version-history":[{"count":1,"href":"https:\/\/www.egemtv.com\/index.php?rest_route=\/wp\/v2\/posts\/72179\/revisions"}],"predecessor-version":[{"id":72181,"href":"https:\/\/www.egemtv.com\/index.php?rest_route=\/wp\/v2\/posts\/72179\/revisions\/72181"}],"wp:featuredmedia":[{"embeddable":true,"href":"https:\/\/www.egemtv.com\/index.php?rest_route=\/wp\/v2\/media\/72180"}],"wp:attachment":[{"href":"https:\/\/www.egemtv.com\/index.php?rest_route=%2Fwp%2Fv2%2Fmedia&parent=72179"}],"wp:term":[{"taxonomy":"category","embeddable":true,"href":"https:\/\/www.egemtv.com\/index.php?rest_route=%2Fwp%2Fv2%2Fcategories&post=72179"},{"taxonomy":"post_tag","embeddable":true,"href":"https:\/\/www.egemtv.com\/index.php?rest_route=%2Fwp%2Fv2%2Ftags&post=72179"}],"curies":[{"name":"wp","href":"https:\/\/api.w.org\/{rel}","templated":true}]}}