{"id":72176,"date":"2025-12-05T11:34:52","date_gmt":"2025-12-05T08:34:52","guid":{"rendered":"https:\/\/www.egemtv.com\/?p=72176"},"modified":"2025-12-05T11:34:52","modified_gmt":"2025-12-05T08:34:52","slug":"denizlide-kasim-ayinda-asayis-olaylarinda-azalma-yasandi","status":"publish","type":"post","link":"https:\/\/www.egemtv.com\/?p=72176","title":{"rendered":"Denizli\u2019de Kas\u0131m ay\u0131nda asayi\u015f olaylar\u0131nda azalma ya\u015fand\u0131"},"content":{"rendered":"<p>Denizli\u2019nin Kas\u0131m ay\u0131 asayi\u015f verilerini kamuoyu ile payla\u015fan Denizli Valisi \u00d6mer Faruk Co\u015fkun, t\u00fcm asayi\u015f olaylar\u0131nda y\u00fczde 3,7, malvarl\u0131\u011f\u0131na kar\u015f\u0131 i\u015flenen su\u00e7 oran\u0131nda ise y\u00fczde 10,3 azalma ya\u015fand\u0131\u011f\u0131n\u0131 ifade etti. Trafik denetimleri kapsam\u0131nda kentte 200 bini a\u015fk\u0131n arac\u0131n denetlendi\u011fini ifade eden Vali Co\u015fkun, uyu\u015fturucu ve ka\u00e7ak\u00e7\u0131l\u0131k su\u00e7lar\u0131yla da m\u00fccadeleye kararl\u0131l\u0131kla devam ettiklerini vurgulad\u0131.<\/p>\n<p>Denizli Valisi \u00d6mer Faruk Co\u015fkun, \u0130l Jandarma Komutan\u0131 Tu\u011fgeneral Mevl\u00fct Dirim ve \u0130l Emniyet M\u00fcd\u00fcr\u00fc Yavuz Sa\u011fd\u0131\u00e7 ile birlikte kentin Kas\u0131m ay\u0131 asayi\u015f verilerine dair bilgileri payla\u015ft\u0131. Hem jandarma hem de polis sorumluluk sahas\u0131nda vatanda\u015flar\u0131n huzur ve g\u00fcven i\u00e7erisinde g\u00fcnl\u00fck ya\u015famlar\u0131n\u0131 s\u00fcrebilmesini ama\u00e7lad\u0131klar\u0131n\u0131 ifade eden Vali Co\u015fkun, Su\u00e7 ve su\u00e7lularla etkin m\u00fccadele, kamu d\u00fczeninin sa\u011flanmas\u0131, can ve mal g\u00fcvenli\u011finin korunmas\u0131, trafik g\u00fcvenli\u011finin artt\u0131r\u0131lmas\u0131 ve gen\u00e7lerimizin zararl\u0131 al\u0131\u015fkanl\u0131klardan uzak tutulmas\u0131na y\u00f6nelik \u00e7al\u0131\u015fmalar\u0131n titizlikle s\u00fcrd\u00fcr\u00fcld\u00fc\u011f\u00fcn\u00fcn alt\u0131n\u0131 \u00e7izdi. Vali Co\u015fkun, 2025 y\u0131l\u0131n\u0131n Kas\u0131m ay\u0131nda yap\u0131lan \u00e7al\u0131\u015fmalarda ter\u00f6r \u00f6rg\u00fct\u00fcn\u00fcn propagandas\u0131n\u0131 yapma ve ter\u00f6r \u00f6rg\u00fct\u00fcne \u00fcye olma su\u00e7undan 6 ki\u015finin yakaland\u0131\u011f\u0131n\u0131 a\u00e7\u0131klad\u0131.<\/p>\n<p>Denizli\u2019de asayi\u015f olaylar\u0131 azal\u0131yor<br \/>\n<br \/>Kentte d\u00fczenli ve s\u0131k devriye g\u00f6revleri icra edildi\u011fini ifade eden Vali Co\u015fkun, \u015f\u00fcpheli ki\u015filer \u00fczerinde kimlik kontrolleri yap\u0131larak su\u00e7 e\u011filimi olan \u015fah\u0131slar kontrol edildi\u011fini, bu \u015fah\u0131slar\u0131n kullanm\u0131\u015f oldu\u011fu ara\u00e7lar fiziki ve teknolojik takip sistemleri arac\u0131l\u0131\u011f\u0131yla izlenmek suretiyle mal varl\u0131\u011f\u0131na ve ki\u015filere kar\u015f\u0131 olaylar\u0131n\u0131n \u00f6nlenmesine y\u00f6nelik \u00e7al\u0131\u015fmalara a\u011f\u0131rl\u0131k verildi\u011fini dile getirdi. Kas\u0131m ay\u0131nda su\u00e7 oranlar\u0131nda azalma ya\u015fand\u0131\u011f\u0131n\u0131 dile getiren Vali Co\u015fkun, &#8220;2025 y\u0131l\u0131 Kas\u0131m ay\u0131nda, 2024 y\u0131l\u0131 Kas\u0131m ay\u0131na g\u00f6re, T\u00fcm asayi\u015f olaylar\u0131nda y\u00fczde  -3,7 oran\u0131nda azal\u0131\u015f, Malvarl\u0131\u011f\u0131na Kar\u015f\u0131 Su\u00e7larda ise y\u00fczde -10,3 oran\u0131nda bir azalma meydana gelmi\u015ftir. \u00c7al\u0131\u015fmalar neticesinde 2025 y\u0131l\u0131 Kas\u0131m ay\u0131nda ilimizde meydana gelen t\u00fcm asayi\u015f olaylar\u0131n\u0131n y\u00fczde 95,1\u2019i, ki\u015filere kar\u015f\u0131 i\u015flenen su\u00e7lar\u0131n y\u00fczde 95,1\u2019i, malvarl\u0131\u011f\u0131na kar\u015f\u0131 i\u015flenen su\u00e7lar\u0131n y\u00fczde 75,2\u2019si ayd\u0131nlat\u0131lm\u0131\u015ft\u0131r. Hakk\u0131nda arama karar\u0131 olan \u015fah\u0131slar\u0131n, teknolojik imkanlar\u0131 etkin \u015fekilde kullanarak en k\u0131sa s\u00fcrede yakalan\u0131p adli mercilere teslimini sa\u011flamak ve bu s\u00fcre\u00e7te yeni su\u00e7 i\u015flemesini \u00f6nlemek amac\u0131yla yap\u0131lan titiz \u00e7al\u0131\u015fmalar neticesinde; h\u0131rs\u0131zl\u0131k su\u00e7undan 21,  ya\u011fma\/gasp su\u00e7undan 8, doland\u0131r\u0131c\u0131l\u0131k su\u00e7undan 22, kasten \u00f6ld\u00fcrme su\u00e7undan 4, cinsel su\u00e7lardan 4, ter\u00f6r su\u00e7lar\u0131ndan 8, narkotik su\u00e7lar\u0131ndan 27, ka\u00e7ak\u00e7\u0131l\u0131k su\u00e7lar\u0131ndan 23, siber su\u00e7lardan 24, g\u00f6\u00e7men ka\u00e7ak\u00e7\u0131l\u0131\u011f\u0131 su\u00e7lar\u0131ndan 4, di\u011fer su\u00e7lardan 172 ve ifadeye y\u00f6nelik su\u00e7lardan 387 olmak \u00fczere toplam 704 \u015fah\u0131s yakalanm\u0131\u015ft\u0131r&#8221; dedi.<\/p>\n<p>46 ka\u00e7ak\u00e7\u0131l\u0131k operasyonunda 63 \u015f\u00fcpheli yakaland\u0131<br \/>\n<br \/>Ka\u00e7ak\u00e7\u0131l\u0131k su\u00e7lar\u0131na y\u00f6nelik y\u00fcr\u00fct\u00fclen \u00e7al\u0131\u015fmalar hakk\u0131nda bilgileri payla\u015fan Vali Co\u015fkun, &#8220;Organize su\u00e7 olaylar\u0131, silah, m\u00fchimmat, emtia, tarihi eser, t\u00fct\u00fcn mamulleri ve alkoll\u00fc i\u00e7ki ka\u00e7ak\u00e7\u0131l\u0131\u011f\u0131, nitelikli doland\u0131r\u0131c\u0131l\u0131k, vergi ka\u00e7ak\u00e7\u0131l\u0131\u011f\u0131, tefecilik olaylar\u0131na y\u00f6nelik ger\u00e7ekle\u015ftirilen 46 operasyonda 63 \u015f\u00fcpheli \u015fah\u0131s yakalanm\u0131\u015ft\u0131r. Yap\u0131lan aramalarda; 14 bin 200 adet sarma sigara, 9 kilogram sarmal\u0131k t\u00fct\u00fcn, 22 bin 150 adet makaron, 632 paket ka\u00e7ak sigara, 769 paket nargile t\u00fct\u00fcn\u00fc, 816 adet sigara yan \u00fcr\u00fcn\u00fc, 5 adet sigara sarma makinas\u0131 49 adet elektronik sigara, 148 litre etil alkol, 149 \u015fi\u015fe ve 847 litre ka\u00e7ak i\u00e7ki, bin 164 adet tarihi eser, 1 adet define dedekt\u00f6r\u00fc, 4 adet tabanca, 9 adet av t\u00fcfe\u011fi, 6 adet kurus\u0131k\u0131 tabanca ele ge\u00e7irilmi\u015ftir&#8221; \u015feklinde konu\u015ftu.<\/p>\n<p>Narkotik operasyonlar\u0131nda \u00e7ok say\u0131da zehir ele ge\u00e7irildi<br \/>\n<br \/>Madde ba\u011f\u0131ml\u0131l\u0131\u011f\u0131 ve uyu\u015fturucu madde ticaretine y\u00f6nelik \u00e7al\u0131\u015fmalar\u0131 titizlik ve b\u00fcy\u00fck bir \u00f6zveri ile y\u00fcr\u00fctt\u00fcklerini belirten Vali Co\u015fkun, &#8220;Madde ba\u011f\u0131ml\u0131l\u0131\u011f\u0131 ile m\u00fccadelede fark\u0131ndal\u0131\u011f\u0131n artt\u0131r\u0131lmas\u0131 amac\u0131yla ilimizin farkl\u0131 b\u00f6lgelerinde ger\u00e7ekle\u015ftirilen 23 e\u011fitim ve nokta faaliyetinde bin 562 ki\u015fiye ula\u015f\u0131larak bilgilendirme yap\u0131lm\u0131\u015ft\u0131r. \u0130limizde 2025 y\u0131l\u0131 Kas\u0131m ay\u0131nda, uyu\u015fturucu madde ticareti yapan ve torbac\u0131 olarak tabir edilen sokak sat\u0131c\u0131s\u0131 \u015fah\u0131s ve organizasyonlara y\u00f6nelik yap\u0131lan operasyonlar kapsam\u0131nda, uyu\u015fturucu madde imal ve ticareti su\u00e7undan 87 \u015fah\u0131s, uyu\u015fturucu madde kullanma ve bulundurma su\u00e7undan 199 \u015fah\u0131s, olmak \u00fczere toplam 286 \u015fahsa adli i\u015flem yap\u0131lm\u0131\u015ft\u0131r. Uyu\u015fturucu su\u00e7lar\u0131na y\u00f6nelik yap\u0131lan operasyonlarda; 17 bin 236 kullan\u0131ml\u0131k k\u00e2\u011f\u0131da emdirilmi\u015f halde bonzai, 6 litre sentetik bonzai ham maddesi, 3 kilo 189 gram esrar, 115 adet ecstasy hap, 6 bin 678 adet sentetik ecza hap, 113 gram metamfetamin, 114 gram skunk, 15 gram kokain, 33 gram eroin, 20 k\u00f6k kenevir ve 1 litre sentetik kannabinoid\/bonzai hammaddesi ele ge\u00e7irilmi\u015ftir&#8221; diye konu\u015ftu.<\/p>\n<p>398 hesap veya \u015fah\u0131s siber devriyeye tak\u0131ld\u0131<br \/>\n<br \/>Siber su\u00e7larla m\u00fccadeleye dair verileri payla\u015fan Denizli Valisi \u00d6mer Faruk Co\u015fkun, &#8220;G\u00fcn\u00fcm\u00fczde teknolojinin h\u0131zla geli\u015fmesi, ya\u015famlar\u0131m\u0131z\u0131 pek \u00e7ok a\u00e7\u0131dan kolayla\u015ft\u0131rmakla birlikte, siber tehditleri ve dijital su\u00e7lar\u0131 da beraberinde getirmi\u015ftir. Emniyet ve Jandarma birimlerimiz sanal ortamlarda s\u0131kl\u0131kla i\u015flenen, Doland\u0131r\u0131c\u0131l\u0131k, ba\u015fkas\u0131na ait kimlik bilgilerinin kullan\u0131m\u0131, cinsel su\u00e7lar, yasa d\u0131\u015f\u0131 i\u00e7erikler ve sosyal medya \u00fczerinden i\u015flenen su\u00e7lar\u0131n takibini titizlikle yaparak su\u00e7lular\u0131n tespitini sa\u011flamakta ve vatanda\u015flar\u0131m\u0131z\u0131 siber tehditlerden korumak i\u00e7in \u00e7al\u0131\u015fmalar\u0131n\u0131 kesintisiz s\u00fcrd\u00fcrmektedir. 2025 y\u0131l\u0131 Kas\u0131m ay\u0131nda Siber su\u00e7larla m\u00fccadele kapsam\u0131nda siber devriye faaliyetleri sonucunda, su\u00e7 unsuru tespit edilen toplam 398 \u015fah\u0131s\/hesap ile ilgili adli i\u015flem yap\u0131lm\u0131\u015f, \u00e7evrimi\u00e7i \u00e7ocuk istismar\u0131 su\u00e7una y\u00f6nelik y\u00fcr\u00fct\u00fclen \u00e7al\u0131\u015fmada 1 \u015f\u00fcpheli \u015fahsa adli i\u015flem yap\u0131lm\u0131\u015ft\u0131r&#8221; dedi.<\/p>\n<p>200 bini a\u015fk\u0131n ara\u00e7 kontrol edildi<br \/>\n<br \/>Kentte trafik denetimlerine dair verileri payla\u015fan Vali Co\u015fkun, &#8220;Polis ve Jandarma trafik birimlerimizce otoyol, devlet karayolu, il yolu ve kazalar\u0131n yo\u011funla\u015ft\u0131\u011f\u0131 cadde, sokak, kav\u015faklarda, radar, drone destekli ve fiziki yap\u0131lan \u00e7al\u0131\u015fmalarda; 2025 y\u0131l\u0131 Kas\u0131m ay\u0131 i\u00e7erisinde 200 bin 521 arac\u0131n trafik kontrol ve denetimleri yap\u0131lm\u0131\u015f, muayenesi olmayan, abart\u0131 egzozlu ve sigortas\u0131z olmak \u00fczere toplam 3 bin 182 ara\u00e7 trafikten men edilmi\u015ftir. Trafikte yap\u0131lan alkol denetimlerinde, 702 s\u00fcr\u00fcc\u00fcye alkoll\u00fc ara\u00e7 kullanmaktan, 28 s\u00fcr\u00fcc\u00fcye alkolmetre cihaz\u0131n\u0131 \u00fcflemeyi reddetmekten, 66 ara\u00e7 s\u00fcr\u00fcc\u00fcs\u00fcne ise di\u011fer ihlallerden olmak \u00fczere toplam 796 s\u00fcr\u00fcc\u00fcn\u00fcn s\u00fcr\u00fcc\u00fc belgesine el konulmu\u015ftur. \u00d6\u011frencilerimizin e\u011fitimlerini g\u00fcvenli \u015fekilde s\u00fcrd\u00fcrebilmelerini sa\u011flamak amac\u0131yla Polis ve Jandarma birimlerimizce okul \u00e7evrelerinde 217 asayi\u015f ve trafik uygulamas\u0131 g\u00f6revi ifa edilmi\u015f, yine Kas\u0131m ay\u0131 i\u00e7erisinde okul \u00e7evrelerinde bulunan 211 umuma a\u00e7\u0131k istirahat ve e\u011flence yeri, 31 metruk bina ile 896 \u00f6\u011frenci servisi denetimi yap\u0131lm\u0131\u015f, denetimler esnas\u0131nda bin 47 \u015fahs\u0131n GBT sorgulamas\u0131 yap\u0131lm\u0131\u015f, denetimler sonunda kurallar\u0131 ihlal eden 49 servis \u015fof\u00f6r\u00fcne idari yapt\u0131r\u0131m uygulanm\u0131\u015ft\u0131r&#8221; \u015feklinde konu\u015ftu.<\/p>\n<p>Denetlenen bin 493 g\u00f6\u00e7menden 77\u2019si s\u0131n\u0131r d\u0131\u015f\u0131 edildi<br \/>\n<br \/>D\u00fczensiz G\u00f6\u00e7 riski alt\u0131nda olan bireyler, kad\u0131nlar, \u00e7ocuklar ve m\u00fclteciler gibi hassas gruplar\u0131n korunmas\u0131 amac\u0131yla kapsaml\u0131 \u00e7al\u0131\u015fmalar y\u00fcr\u00fct\u00fcld\u00fc\u011f\u00fcn\u00fc dile getiren Vali Co\u015fkun, &#8220;Bu kapsamda 2025 y\u0131l\u0131 Kas\u0131m ay\u0131nda ilimizde bulunan 6 mobil g\u00f6\u00e7 arac\u0131 ile d\u00fczensiz g\u00f6\u00e7le m\u00fccadele kapsam\u0131nda, bin 493 yabanc\u0131 uyruklu \u015fahs\u0131n denetimi yap\u0131lm\u0131\u015f, yap\u0131lan denetimler neticesinde 77 d\u00fczensiz g\u00f6\u00e7men tespit edilerek haklar\u0131nda s\u0131n\u0131r d\u0131\u015f\u0131 i\u015flemi ba\u015flat\u0131lm\u0131\u015ft\u0131r. 2025 y\u0131l\u0131 Kas\u0131m ay\u0131nda 2 g\u00f6\u00e7men ka\u00e7ak\u00e7\u0131l\u0131\u011f\u0131 olay\u0131 meydana gelmi\u015f, olaya kar\u0131\u015fan 2 \u015f\u00fcpheli \u015fah\u0131s hakk\u0131nda adli i\u015flem yap\u0131lm\u0131\u015ft\u0131r. \u0130limizde kamu d\u00fczeni, kamu g\u00fcvenli\u011fi ve asayi\u015f hususlar\u0131nda \u00e7al\u0131\u015fmalar\u0131m\u0131z titizlikle ve kararl\u0131l\u0131kla yerine getirilmektedir. Su\u00e7 ve su\u00e7lu ile m\u00fccadelede ilgili birimlerce her t\u00fcrl\u00fc \u00f6nlem al\u0131nmaktad\u0131r&#8221; ifadelerini kulland\u0131.<br \/><\/p>\n","protected":false},"excerpt":{"rendered":"<p>Denizli\u2019nin Kas\u0131m ay\u0131 asayi\u015f verilerini kamuoyu ile payla\u015fan Denizli Valisi \u00d6mer Faruk Co\u015fkun, t\u00fcm asayi\u015f olaylar\u0131nda y\u00fczde 3,7, malvarl\u0131\u011f\u0131na kar\u015f\u0131 i\u015flenen su\u00e7 oran\u0131nda ise y\u00fczde 10,3 azalma ya\u015fand\u0131\u011f\u0131n\u0131 ifade etti. Trafik denetimleri kapsam\u0131nda kentte 200 bini a\u015fk\u0131n arac\u0131n denetlendi\u011fini ifade eden Vali Co\u015fkun, uyu\u015fturucu ve ka\u00e7ak\u00e7\u0131l\u0131k su\u00e7lar\u0131yla da m\u00fccadeleye kararl\u0131l\u0131kla devam ettiklerini vurgulad\u0131. Denizli Valisi&#8230;<\/p>\n","protected":false},"author":1,"featured_media":72177,"comment_status":"open","ping_status":"open","sticky":false,"template":"","format":"standard","meta":{"_crdt_document":"","footnotes":""},"categories":[5],"tags":[],"class_list":["post-72176","post","type-post","status-publish","format-standard","has-post-thumbnail","hentry","category-asayis"],"_links":{"self":[{"href":"https:\/\/www.egemtv.com\/index.php?rest_route=\/wp\/v2\/posts\/72176","targetHints":{"allow":["GET"]}}],"collection":[{"href":"https:\/\/www.egemtv.com\/index.php?rest_route=\/wp\/v2\/posts"}],"about":[{"href":"https:\/\/www.egemtv.com\/index.php?rest_route=\/wp\/v2\/types\/post"}],"author":[{"embeddable":true,"href":"https:\/\/www.egemtv.com\/index.php?rest_route=\/wp\/v2\/users\/1"}],"replies":[{"embeddable":true,"href":"https:\/\/www.egemtv.com\/index.php?rest_route=%2Fwp%2Fv2%2Fcomments&post=72176"}],"version-history":[{"count":1,"href":"https:\/\/www.egemtv.com\/index.php?rest_route=\/wp\/v2\/posts\/72176\/revisions"}],"predecessor-version":[{"id":72178,"href":"https:\/\/www.egemtv.com\/index.php?rest_route=\/wp\/v2\/posts\/72176\/revisions\/72178"}],"wp:featuredmedia":[{"embeddable":true,"href":"https:\/\/www.egemtv.com\/index.php?rest_route=\/wp\/v2\/media\/72177"}],"wp:attachment":[{"href":"https:\/\/www.egemtv.com\/index.php?rest_route=%2Fwp%2Fv2%2Fmedia&parent=72176"}],"wp:term":[{"taxonomy":"category","embeddable":true,"href":"https:\/\/www.egemtv.com\/index.php?rest_route=%2Fwp%2Fv2%2Fcategories&post=72176"},{"taxonomy":"post_tag","embeddable":true,"href":"https:\/\/www.egemtv.com\/index.php?rest_route=%2Fwp%2Fv2%2Ftags&post=72176"}],"curies":[{"name":"wp","href":"https:\/\/api.w.org\/{rel}","templated":true}]}}