{"id":72173,"date":"2025-12-05T11:34:51","date_gmt":"2025-12-05T08:34:51","guid":{"rendered":"https:\/\/www.egemtv.com\/?p=72173"},"modified":"2025-12-05T11:34:52","modified_gmt":"2025-12-05T08:34:52","slug":"fuara-izmir-ekonomi-damgasi","status":"publish","type":"post","link":"https:\/\/www.egemtv.com\/?p=72173","title":{"rendered":"Fuara \u2018\u0130zmir Ekonomi\u2019 damgas\u0131"},"content":{"rendered":"<p>\u0130zmir Ekonomi \u00dcniversitesi (\u0130E\u00dc) Meslek Y\u00fcksekokulu Turizm ve Otel \u0130\u015fletmecili\u011fi Program\u0131, bu y\u0131l 19\u2019uncu kez kap\u0131lar\u0131n\u0131 a\u00e7an Uluslararas\u0131 Turizm Ticaret Fuar ve Kongresi\u2019ne kat\u0131larak \u2018Gelecek i\u00e7in S\u00fcrd\u00fcr\u00fclebilir Turizm\u2019 temas\u0131yla stant kurdu. Fuara renk katan \u00f6\u011frenciler, turizmde s\u00fcrd\u00fcr\u00fclebilirlik anlay\u0131\u015f\u0131n\u0131n \u00f6nemine dikkat amac\u0131yla kat\u0131l\u0131mc\u0131lara \u00e7e\u015fitli sorular\u0131n y\u00f6neltildi\u011fi \u2018Turizm Tabu\u2019 isimli \u00f6zel bir oyun tasarlad\u0131. Oyunu kazanarak \u00e7ark\u0131 \u00e7evirme \u015fans\u0131n\u0131 yakalayan ziyaret\u00e7ilere, tohumlu kalem ve s\u00fcrd\u00fcr\u00fclebilirlik mesajlar\u0131 i\u00e7eren magnet gibi bir\u00e7ok hediye verildi.<br \/>\n<br \/>Fuar \u0130zmir\u2019de ger\u00e7ekle\u015fen b\u00fcy\u00fck bulu\u015fmada yer alan \u0130E\u00dc\u2019l\u00fc gen\u00e7lerin stand\u0131n\u0131; \u0130zmir Ticaret Odas\u0131 (\u0130ZTO) Meclis Ba\u015fkan\u0131 Selami \u00d6zpoyraz, Y\u00f6netim Kurulu \u00dcyeleri O\u011fuz \u00d6zkarde\u015f ve Nuray Eyigele \u0130\u015fleyen, Meclis Ba\u015fkan Yard\u0131mc\u0131s\u0131 Mehmet Tahir \u00d6zdemir, Meclis Katip \u00dcyesi Ali Yaram\u0131\u015fl\u0131, meclis ve komite \u00fcyeleri de ziyaret etti. K\u00fclt\u00fcr ve Turizm Bakanl\u0131\u011f\u0131\u2019n\u0131n himayesinde, \u0130zmir B\u00fcy\u00fck\u015fehir Belediyesi\u2019nin ev sahipli\u011finde ve \u0130ZFA\u015e organizat\u00f6rl\u00fc\u011f\u00fcnde ger\u00e7ekle\u015fen fuarda, d\u00fcnyan\u0131n d\u00f6rt bir yan\u0131ndan gelen turizm profesyonelleriyle bir araya gelen gen\u00e7ler, unutulmaz bir deneyim ya\u015fad\u0131.<\/p>\n<p>&#8220;Art\u0131k tercih de\u011fil zorunluluk&#8221;<br \/>\n<br \/>\u0130E\u00dc Turizm ve Otel \u0130\u015fletmecili\u011fi Program\u0131 \u00d6\u011fretim G\u00f6revlisi Edit Habif, \u00f6\u011frenciler a\u00e7\u0131s\u0131ndan fuar\u0131n \u00e7ok \u00f6nemli bir f\u0131rsat oldu\u011funa dikkat \u00e7ekerek, &#8220;Bu fuar, \u00f6\u011frencilerimizin sekt\u00f6rle ger\u00e7ek ba\u011f kurmalar\u0131, mesleki \u00f6z g\u00fcvenlerini geli\u015ftirmeleri ve kendilerini profesyonel d\u00fcnyaya anlatmalar\u0131 noktas\u0131nda \u00e7ok de\u011ferli \u00f6\u011frenme ortam\u0131 oldu. Turizm sekt\u00f6r\u00fcn\u00fcn en \u00f6nemli g\u00fcndemlerinden biri s\u00fcrd\u00fcr\u00fclebilirlik. Kaynaklar\u0131n korunmas\u0131, karbon ayak izinin azalt\u0131lmas\u0131, yerel \u00fcretimin ve yerel k\u00fclt\u00fcr\u00fcn desteklenmesi, etik ve sorumlu turizm uygulamalar\u0131, art\u0131k bir tercih de\u011fil zorunluluk. \u00dcniversitemiz, bu d\u00f6n\u00fc\u015f\u00fcm\u00fc besleyen ve y\u00f6n veren bir e\u011fitim yakla\u015f\u0131m\u0131n\u0131 benimsiyor. Fuarda a\u00e7t\u0131\u011f\u0131m\u0131z stantla da bunu g\u00f6stermeyi ama\u00e7lad\u0131k&#8221; ifadelerini kulland\u0131.<\/p>\n<p>Turizmin gelece\u011fine ili\u015fkin mesaj<br \/>\n<br \/>Habif, s\u00f6zlerini \u015f\u00f6yle s\u00fcrd\u00fcrd\u00fc: &#8220;\u00d6\u011frencilerimizin fuarda tasarlad\u0131\u011f\u0131 \u2018Turizm Tabu\u2019 oyunu da bu yakla\u015f\u0131m\u0131n \u00e7ok g\u00fczel bir \u00f6rne\u011fi oldu. S\u00fcrd\u00fcr\u00fclebilirlik kavram\u0131n\u0131, ziyaret\u00e7ilerin i\u00e7ine dahil oldu\u011fu etkile\u015fimli bir deneyime d\u00f6n\u00fc\u015ft\u00fcrerek hem fark\u0131ndal\u0131k yaratt\u0131lar hem de turizmin gelece\u011fine ili\u015fkin \u00f6nemli mesajlar verdiler. Oyunla birlikte da\u011f\u0131t\u0131lan tohumlu kalemler ve s\u00fcrd\u00fcr\u00fclebilirlik mesajlar\u0131 i\u00e7eren hediyeler ise, fuar ziyaret\u00e7ilerine k\u00fc\u00e7\u00fck ad\u0131mlar\u0131n b\u00fcy\u00fck etkiler do\u011furabilece\u011fini hat\u0131rlatan anlaml\u0131 bir sembol oldu. Turizm ve Otel \u0130\u015fletmecili\u011fi Program\u0131 olarak, s\u00fcrd\u00fcr\u00fclebilir turizme dair fark\u0131ndal\u0131\u011f\u0131 b\u00fcy\u00fcten, \u00e7\u00f6z\u00fcm \u00fcreten ve gelece\u011fi d\u00fc\u015f\u00fcnerek hareket eden her ad\u0131m\u0131n yan\u0131nda olmaya devam edece\u011fiz.&#8221;<br \/><\/p>\n","protected":false},"excerpt":{"rendered":"<p>\u0130zmir Ekonomi \u00dcniversitesi (\u0130E\u00dc) Meslek Y\u00fcksekokulu Turizm ve Otel \u0130\u015fletmecili\u011fi Program\u0131, bu y\u0131l 19\u2019uncu kez kap\u0131lar\u0131n\u0131 a\u00e7an Uluslararas\u0131 Turizm Ticaret Fuar ve Kongresi\u2019ne kat\u0131larak \u2018Gelecek i\u00e7in S\u00fcrd\u00fcr\u00fclebilir Turizm\u2019 temas\u0131yla stant kurdu. Fuara renk katan \u00f6\u011frenciler, turizmde s\u00fcrd\u00fcr\u00fclebilirlik anlay\u0131\u015f\u0131n\u0131n \u00f6nemine dikkat amac\u0131yla kat\u0131l\u0131mc\u0131lara \u00e7e\u015fitli sorular\u0131n y\u00f6neltildi\u011fi \u2018Turizm Tabu\u2019 isimli \u00f6zel bir oyun tasarlad\u0131. Oyunu kazanarak \u00e7ark\u0131&#8230;<\/p>\n","protected":false},"author":1,"featured_media":72174,"comment_status":"open","ping_status":"open","sticky":false,"template":"","format":"standard","meta":{"_crdt_document":"","footnotes":""},"categories":[1],"tags":[],"class_list":["post-72173","post","type-post","status-publish","format-standard","has-post-thumbnail","hentry","category-guncel"],"_links":{"self":[{"href":"https:\/\/www.egemtv.com\/index.php?rest_route=\/wp\/v2\/posts\/72173","targetHints":{"allow":["GET"]}}],"collection":[{"href":"https:\/\/www.egemtv.com\/index.php?rest_route=\/wp\/v2\/posts"}],"about":[{"href":"https:\/\/www.egemtv.com\/index.php?rest_route=\/wp\/v2\/types\/post"}],"author":[{"embeddable":true,"href":"https:\/\/www.egemtv.com\/index.php?rest_route=\/wp\/v2\/users\/1"}],"replies":[{"embeddable":true,"href":"https:\/\/www.egemtv.com\/index.php?rest_route=%2Fwp%2Fv2%2Fcomments&post=72173"}],"version-history":[{"count":1,"href":"https:\/\/www.egemtv.com\/index.php?rest_route=\/wp\/v2\/posts\/72173\/revisions"}],"predecessor-version":[{"id":72175,"href":"https:\/\/www.egemtv.com\/index.php?rest_route=\/wp\/v2\/posts\/72173\/revisions\/72175"}],"wp:featuredmedia":[{"embeddable":true,"href":"https:\/\/www.egemtv.com\/index.php?rest_route=\/wp\/v2\/media\/72174"}],"wp:attachment":[{"href":"https:\/\/www.egemtv.com\/index.php?rest_route=%2Fwp%2Fv2%2Fmedia&parent=72173"}],"wp:term":[{"taxonomy":"category","embeddable":true,"href":"https:\/\/www.egemtv.com\/index.php?rest_route=%2Fwp%2Fv2%2Fcategories&post=72173"},{"taxonomy":"post_tag","embeddable":true,"href":"https:\/\/www.egemtv.com\/index.php?rest_route=%2Fwp%2Fv2%2Ftags&post=72173"}],"curies":[{"name":"wp","href":"https:\/\/api.w.org\/{rel}","templated":true}]}}