{"id":72170,"date":"2025-12-05T11:15:12","date_gmt":"2025-12-05T08:15:12","guid":{"rendered":"https:\/\/www.egemtv.com\/?p=72170"},"modified":"2025-12-05T11:15:12","modified_gmt":"2025-12-05T08:15:12","slug":"yenipazara-11-milyonluk-altyapi-yatirimi","status":"publish","type":"post","link":"https:\/\/www.egemtv.com\/?p=72170","title":{"rendered":"Yenipazar\u2019a 11 milyonluk altyap\u0131 yat\u0131r\u0131m\u0131"},"content":{"rendered":"<p>Ayd\u0131n B\u00fcy\u00fck\u015fehir Belediyesi ve Ayd\u0131n Su ve Kanalizasyon \u0130daresi Genel M\u00fcd\u00fcrl\u00fc\u011f\u00fc (ASK\u0130), altyap\u0131 yat\u0131r\u0131mlar\u0131n\u0131 kent genelinde aral\u0131ks\u0131z s\u00fcrd\u00fcr\u00fcyor.<br \/>\n<br \/>Ayd\u0131n B\u00fcy\u00fck\u015fehir Belediye Ba\u015fkan\u0131 \u00d6zlem \u00c7er\u00e7io\u011flu\u2019nun \u00f6nc\u00fcl\u00fc\u011f\u00fcnde e\u015f zamanl\u0131 olarak ger\u00e7ekle\u015ftirilen \u00e7al\u0131\u015fma, yat\u0131r\u0131m, hizmet ve projeler Ayd\u0131nl\u0131lar ile bulu\u015fuyor.<br \/>\n<br \/>ASK\u0130 taraf\u0131ndan Yenipazar il\u00e7esinde i\u00e7me suyu hatt\u0131 yenileme \u00e7al\u0131\u015fmalar\u0131 ba\u015flat\u0131ld\u0131. Proje kapsam\u0131nda; 4 bin metre i\u00e7me suyu hatt\u0131 ile 500 adet abone hatt\u0131 yenilenecek. K\u0131sa s\u00fcre i\u00e7erisinde tamamlanmas\u0131 planlanan projenin toplam yat\u0131r\u0131m maliyeti 11 milyon T\u00fcrk Liras\u0131 olacak.<br \/>\n<br \/>Ayd\u0131n B\u00fcy\u00fck\u015fehir Belediye Ba\u015fkan\u0131 \u00d6zlem \u00c7er\u00e7io\u011flu, Ayd\u0131n\u2019\u0131n t\u00fcm il\u00e7elerinde altyap\u0131 yat\u0131r\u0131mlar\u0131na h\u0131z kesmeden devam edeceklerini belirtti. Ba\u015fkan \u00c7er\u00e7io\u011flu, &#8220;17 il\u00e7emizin tamam\u0131nda altyap\u0131 yat\u0131r\u0131mlar\u0131m\u0131za devam ediyoruz. Proje, yat\u0131r\u0131m ve hizmetlerimizi hem\u015fehrilerimizle bulu\u015fturuyor, kentimizin altyap\u0131s\u0131n\u0131 g\u00fc\u00e7lendiriyoruz. Ayd\u0131n\u0131m\u0131z\u0131n t\u00fcm il\u00e7elerinde hizmetlerimizi artt\u0131rarak s\u00fcrd\u00fcrece\u011fiz&#8221; ifadelerini kulland\u0131.<br \/><\/p>\n","protected":false},"excerpt":{"rendered":"<p>Ayd\u0131n B\u00fcy\u00fck\u015fehir Belediyesi ve Ayd\u0131n Su ve Kanalizasyon \u0130daresi Genel M\u00fcd\u00fcrl\u00fc\u011f\u00fc (ASK\u0130), altyap\u0131 yat\u0131r\u0131mlar\u0131n\u0131 kent genelinde aral\u0131ks\u0131z s\u00fcrd\u00fcr\u00fcyor. Ayd\u0131n B\u00fcy\u00fck\u015fehir Belediye Ba\u015fkan\u0131 \u00d6zlem \u00c7er\u00e7io\u011flu\u2019nun \u00f6nc\u00fcl\u00fc\u011f\u00fcnde e\u015f zamanl\u0131 olarak ger\u00e7ekle\u015ftirilen \u00e7al\u0131\u015fma, yat\u0131r\u0131m, hizmet ve projeler Ayd\u0131nl\u0131lar ile bulu\u015fuyor. ASK\u0130 taraf\u0131ndan Yenipazar il\u00e7esinde i\u00e7me suyu hatt\u0131 yenileme \u00e7al\u0131\u015fmalar\u0131 ba\u015flat\u0131ld\u0131. Proje kapsam\u0131nda; 4 bin metre i\u00e7me suyu hatt\u0131&#8230;<\/p>\n","protected":false},"author":1,"featured_media":72171,"comment_status":"open","ping_status":"open","sticky":false,"template":"","format":"standard","meta":{"_crdt_document":"","footnotes":""},"categories":[1],"tags":[],"class_list":["post-72170","post","type-post","status-publish","format-standard","has-post-thumbnail","hentry","category-guncel"],"_links":{"self":[{"href":"https:\/\/www.egemtv.com\/index.php?rest_route=\/wp\/v2\/posts\/72170","targetHints":{"allow":["GET"]}}],"collection":[{"href":"https:\/\/www.egemtv.com\/index.php?rest_route=\/wp\/v2\/posts"}],"about":[{"href":"https:\/\/www.egemtv.com\/index.php?rest_route=\/wp\/v2\/types\/post"}],"author":[{"embeddable":true,"href":"https:\/\/www.egemtv.com\/index.php?rest_route=\/wp\/v2\/users\/1"}],"replies":[{"embeddable":true,"href":"https:\/\/www.egemtv.com\/index.php?rest_route=%2Fwp%2Fv2%2Fcomments&post=72170"}],"version-history":[{"count":1,"href":"https:\/\/www.egemtv.com\/index.php?rest_route=\/wp\/v2\/posts\/72170\/revisions"}],"predecessor-version":[{"id":72172,"href":"https:\/\/www.egemtv.com\/index.php?rest_route=\/wp\/v2\/posts\/72170\/revisions\/72172"}],"wp:featuredmedia":[{"embeddable":true,"href":"https:\/\/www.egemtv.com\/index.php?rest_route=\/wp\/v2\/media\/72171"}],"wp:attachment":[{"href":"https:\/\/www.egemtv.com\/index.php?rest_route=%2Fwp%2Fv2%2Fmedia&parent=72170"}],"wp:term":[{"taxonomy":"category","embeddable":true,"href":"https:\/\/www.egemtv.com\/index.php?rest_route=%2Fwp%2Fv2%2Fcategories&post=72170"},{"taxonomy":"post_tag","embeddable":true,"href":"https:\/\/www.egemtv.com\/index.php?rest_route=%2Fwp%2Fv2%2Ftags&post=72170"}],"curies":[{"name":"wp","href":"https:\/\/api.w.org\/{rel}","templated":true}]}}