{"id":72167,"date":"2025-12-05T11:15:10","date_gmt":"2025-12-05T08:15:10","guid":{"rendered":"https:\/\/www.egemtv.com\/?p=72167"},"modified":"2025-12-05T11:15:11","modified_gmt":"2025-12-05T08:15:11","slug":"manisa-gsb-kadin-voleybol-takimi-turkiye-ikincisi-oldu","status":"publish","type":"post","link":"https:\/\/www.egemtv.com\/?p=72167","title":{"rendered":"Manisa GSB Kad\u0131n Voleybol Tak\u0131m\u0131 T\u00fcrkiye ikincisi oldu"},"content":{"rendered":"<p>Gen\u00e7lik ve Spor Bakanl\u0131\u011f\u0131 taraf\u0131ndan Konya\u2019da d\u00fczenlenen 3. Kamu Spor Oyunlar\u0131 T\u00fcrkiye Finalinde Manisa Gen\u00e7lik ve Spor \u0130l M\u00fcd\u00fcrl\u00fc\u011f\u00fc Kad\u0131n Voleybol Tak\u0131m\u0131 T\u00fcrkiye ikincisi oldu.<br \/>\n<br \/>Turnuva boyunca sergiledi\u011fi m\u00fccadeleci oyun ve g\u00fc\u00e7l\u00fc tak\u0131m ruhuyla dikkat \u00e7eken Manisa ekibi, final etab\u0131nda g\u00fc\u00e7l\u00fc rakiplerle kar\u015f\u0131la\u015fmas\u0131na ra\u011fmen disiplinli ve kararl\u0131 performans\u0131yla T\u00fcrkiye ikincili\u011fini elde etti.<br \/>\n<br \/>Manisa Gen\u00e7lik ve Spor \u0130l M\u00fcd\u00fcr\u00fc Yunus \u00d6zt\u00fcrk, elde edilen ba\u015far\u0131dan dolay\u0131 kad\u0131n voleybol tak\u0131m\u0131n\u0131 tebrik ederek kurumlar aras\u0131 sporun \u00f6nemine vurgu yapt\u0131. \u00d6zt\u00fcrk, &#8220;\u0130l M\u00fcd\u00fcrl\u00fc\u011f\u00fcm\u00fczde g\u00f6rev yapan kad\u0131n personelden olu\u015fan voleybol tak\u0131m\u0131m\u0131z\u0131 \u00fcst\u00fcn performanslar\u0131 ve elde ettikleri dereceden dolay\u0131 kutluyorum. Kurumlar aras\u0131 sporun \u00e7ok \u00f6nemli oldu\u011funa inan\u0131yoruz. Bu anlay\u0131\u015f\u0131 daha da yayg\u0131nla\u015ft\u0131rmak i\u00e7in Manisa\u2019da \u00e7e\u015fitli \u00e7al\u0131\u015fmalar ve projeler hayata ge\u00e7irece\u011fiz. \u00d6zellikle kad\u0131nlar\u0131 spora te\u015fvik eden projeler olu\u015fturduk ve bu faaliyetleri daha da yayg\u0131nla\u015ft\u0131raca\u011f\u0131z&#8221; dedi.<br \/>\n<br \/>Gen\u00e7lik ve Spor Bakanl\u0131\u011f\u0131 taraf\u0131ndan &#8220;Gelin Sporda Bulu\u015fal\u0131m&#8221; temas\u0131yla bu y\u0131l \u00fc\u00e7\u00fcnc\u00fc kez d\u00fczenlenen Kamu Spor Oyunlar\u0131, kamu \u00e7al\u0131\u015fanlar\u0131n\u0131 spora te\u015fvik etmeyi, kurumlar aras\u0131 dayan\u0131\u015fmay\u0131 g\u00fc\u00e7lendirmeyi ve \u00e7al\u0131\u015fanlar\u0131n beden ile ruh sa\u011fl\u0131\u011f\u0131na katk\u0131 sunmay\u0131 ama\u00e7l\u0131yor.<br \/><\/p>\n","protected":false},"excerpt":{"rendered":"<p>Gen\u00e7lik ve Spor Bakanl\u0131\u011f\u0131 taraf\u0131ndan Konya\u2019da d\u00fczenlenen 3. Kamu Spor Oyunlar\u0131 T\u00fcrkiye Finalinde Manisa Gen\u00e7lik ve Spor \u0130l M\u00fcd\u00fcrl\u00fc\u011f\u00fc Kad\u0131n Voleybol Tak\u0131m\u0131 T\u00fcrkiye ikincisi oldu. Turnuva boyunca sergiledi\u011fi m\u00fccadeleci oyun ve g\u00fc\u00e7l\u00fc tak\u0131m ruhuyla dikkat \u00e7eken Manisa ekibi, final etab\u0131nda g\u00fc\u00e7l\u00fc rakiplerle kar\u015f\u0131la\u015fmas\u0131na ra\u011fmen disiplinli ve kararl\u0131 performans\u0131yla T\u00fcrkiye ikincili\u011fini elde etti. Manisa Gen\u00e7lik ve&#8230;<\/p>\n","protected":false},"author":1,"featured_media":72168,"comment_status":"open","ping_status":"open","sticky":false,"template":"","format":"standard","meta":{"_crdt_document":"","footnotes":""},"categories":[4],"tags":[],"class_list":["post-72167","post","type-post","status-publish","format-standard","has-post-thumbnail","hentry","category-spor"],"_links":{"self":[{"href":"https:\/\/www.egemtv.com\/index.php?rest_route=\/wp\/v2\/posts\/72167","targetHints":{"allow":["GET"]}}],"collection":[{"href":"https:\/\/www.egemtv.com\/index.php?rest_route=\/wp\/v2\/posts"}],"about":[{"href":"https:\/\/www.egemtv.com\/index.php?rest_route=\/wp\/v2\/types\/post"}],"author":[{"embeddable":true,"href":"https:\/\/www.egemtv.com\/index.php?rest_route=\/wp\/v2\/users\/1"}],"replies":[{"embeddable":true,"href":"https:\/\/www.egemtv.com\/index.php?rest_route=%2Fwp%2Fv2%2Fcomments&post=72167"}],"version-history":[{"count":1,"href":"https:\/\/www.egemtv.com\/index.php?rest_route=\/wp\/v2\/posts\/72167\/revisions"}],"predecessor-version":[{"id":72169,"href":"https:\/\/www.egemtv.com\/index.php?rest_route=\/wp\/v2\/posts\/72167\/revisions\/72169"}],"wp:featuredmedia":[{"embeddable":true,"href":"https:\/\/www.egemtv.com\/index.php?rest_route=\/wp\/v2\/media\/72168"}],"wp:attachment":[{"href":"https:\/\/www.egemtv.com\/index.php?rest_route=%2Fwp%2Fv2%2Fmedia&parent=72167"}],"wp:term":[{"taxonomy":"category","embeddable":true,"href":"https:\/\/www.egemtv.com\/index.php?rest_route=%2Fwp%2Fv2%2Fcategories&post=72167"},{"taxonomy":"post_tag","embeddable":true,"href":"https:\/\/www.egemtv.com\/index.php?rest_route=%2Fwp%2Fv2%2Ftags&post=72167"}],"curies":[{"name":"wp","href":"https:\/\/api.w.org\/{rel}","templated":true}]}}