{"id":72164,"date":"2025-12-05T11:15:10","date_gmt":"2025-12-05T08:15:10","guid":{"rendered":"https:\/\/www.egemtv.com\/?p=72164"},"modified":"2025-12-05T11:15:10","modified_gmt":"2025-12-05T08:15:10","slug":"aydinda-yurtlar-arasi-satranc-turnuvasi-basladi","status":"publish","type":"post","link":"https:\/\/www.egemtv.com\/?p=72164","title":{"rendered":"Ayd\u0131n\u2019da yurtlar aras\u0131 satran\u00e7 turnuvas\u0131 ba\u015flad\u0131"},"content":{"rendered":"<p>Ayd\u0131n Gen\u00e7lik ve Spor \u0130l M\u00fcd\u00fcrl\u00fc\u011f\u00fc koordinesinde d\u00fczenlenen yurtlar aras\u0131 satran\u00e7 turnuvas\u0131 ba\u015flarken, turnuva \u00f6\u011frencilerin stratejik d\u00fc\u015f\u00fcnme becerilerini geli\u015ftirirken yurtlar aras\u0131ndaki dayan\u0131\u015fmay\u0131 da g\u00fc\u00e7lendiriyor.<\/p>\n<p>Ayd\u0131n Gen\u00e7lik ve Spor \u0130l M\u00fcd\u00fcrl\u00fc\u011f\u00fc koordinesinde, Kredi ve Yurtlar Genel M\u00fcd\u00fcrl\u00fc\u011f\u00fc (KYGM) faaliyetleri kapsam\u0131nda yurt m\u00fcd\u00fcrl\u00fckleri aras\u0131nda d\u00fczenlenen il i\u00e7i satran\u00e7 turnuvas\u0131 ba\u015flad\u0131. \u00d6\u011frencilerin stratejik d\u00fc\u015f\u00fcnme, dikkat ve problem \u00e7\u00f6zme becerilerini geli\u015ftirmeyi hedefleyen turnuva, ayn\u0131 zamanda yurtlar aras\u0131ndaki etkile\u015fimi art\u0131ran \u00f6nemli bir sosyal etkinlik olarak dikkat \u00e7ekiyor. Farkl\u0131 kategorilerde ger\u00e7ekle\u015fen m\u00fcsabakalarda \u00f6\u011frenciler, hem bireysel hem tak\u0131m halinde m\u00fccadele ederek yeteneklerini ortaya koyuyor. Turnuva sonunda dereceye giren \u00f6\u011frencilere \u00f6d\u00fclleri d\u00fczenlenecek t\u00f6renle takdim edilecek.<\/p>\n<p>Ayd\u0131n Gen\u00e7lik ve Spor \u0130l M\u00fcd\u00fcrl\u00fc\u011f\u00fc, turnuvaya kat\u0131lan t\u00fcm \u00f6\u011frencilere ba\u015far\u0131lar dileyerek yapt\u0131\u011f\u0131 a\u00e7\u0131klamada &#8220;\u0130l M\u00fcd\u00fcrl\u00fc\u011f\u00fcm\u00fcz koordinesinde, KYGM (Kredi ve Yurtlar Genel M\u00fcd\u00fcrl\u00fc\u011f\u00fc) faaliyetleri kapsam\u0131nda yurt m\u00fcd\u00fcrl\u00fcklerimiz aras\u0131nda d\u00fczenlenen il i\u00e7i satran\u00e7 turnuvas\u0131 ba\u015flad\u0131. \u00d6\u011frencilerin stratejik d\u00fc\u015f\u00fcnme, dikkat ve problem \u00e7\u00f6zme becerilerini geli\u015ftirmeyi ama\u00e7layan turnuva, ayn\u0131 zamanda yurtlar aras\u0131ndaki etkile\u015fimi ve dayan\u0131\u015fmay\u0131 destekleyen \u00f6nemli bir organizasyon olarak \u00f6ne \u00e7\u0131k\u0131yor. Turnuvaya kat\u0131lan t\u00fcm \u00f6\u011frencilerimize \u0130l M\u00fcd\u00fcrl\u00fc\u011f\u00fcm\u00fcz olarak ba\u015far\u0131lar diler, eme\u011fi ge\u00e7en t\u00fcm \u00e7al\u0131\u015fma arkada\u015flar\u0131m\u0131za te\u015fekk\u00fcr ederiz&#8221; ifadeleri yer ald\u0131.<br \/><\/p>\n","protected":false},"excerpt":{"rendered":"<p>Ayd\u0131n Gen\u00e7lik ve Spor \u0130l M\u00fcd\u00fcrl\u00fc\u011f\u00fc koordinesinde d\u00fczenlenen yurtlar aras\u0131 satran\u00e7 turnuvas\u0131 ba\u015flarken, turnuva \u00f6\u011frencilerin stratejik d\u00fc\u015f\u00fcnme becerilerini geli\u015ftirirken yurtlar aras\u0131ndaki dayan\u0131\u015fmay\u0131 da g\u00fc\u00e7lendiriyor. Ayd\u0131n Gen\u00e7lik ve Spor \u0130l M\u00fcd\u00fcrl\u00fc\u011f\u00fc koordinesinde, Kredi ve Yurtlar Genel M\u00fcd\u00fcrl\u00fc\u011f\u00fc (KYGM) faaliyetleri kapsam\u0131nda yurt m\u00fcd\u00fcrl\u00fckleri aras\u0131nda d\u00fczenlenen il i\u00e7i satran\u00e7 turnuvas\u0131 ba\u015flad\u0131. \u00d6\u011frencilerin stratejik d\u00fc\u015f\u00fcnme, dikkat ve problem \u00e7\u00f6zme&#8230;<\/p>\n","protected":false},"author":1,"featured_media":72165,"comment_status":"open","ping_status":"open","sticky":false,"template":"","format":"standard","meta":{"_crdt_document":"","footnotes":""},"categories":[4],"tags":[],"class_list":["post-72164","post","type-post","status-publish","format-standard","has-post-thumbnail","hentry","category-spor"],"_links":{"self":[{"href":"https:\/\/www.egemtv.com\/index.php?rest_route=\/wp\/v2\/posts\/72164","targetHints":{"allow":["GET"]}}],"collection":[{"href":"https:\/\/www.egemtv.com\/index.php?rest_route=\/wp\/v2\/posts"}],"about":[{"href":"https:\/\/www.egemtv.com\/index.php?rest_route=\/wp\/v2\/types\/post"}],"author":[{"embeddable":true,"href":"https:\/\/www.egemtv.com\/index.php?rest_route=\/wp\/v2\/users\/1"}],"replies":[{"embeddable":true,"href":"https:\/\/www.egemtv.com\/index.php?rest_route=%2Fwp%2Fv2%2Fcomments&post=72164"}],"version-history":[{"count":1,"href":"https:\/\/www.egemtv.com\/index.php?rest_route=\/wp\/v2\/posts\/72164\/revisions"}],"predecessor-version":[{"id":72166,"href":"https:\/\/www.egemtv.com\/index.php?rest_route=\/wp\/v2\/posts\/72164\/revisions\/72166"}],"wp:featuredmedia":[{"embeddable":true,"href":"https:\/\/www.egemtv.com\/index.php?rest_route=\/wp\/v2\/media\/72165"}],"wp:attachment":[{"href":"https:\/\/www.egemtv.com\/index.php?rest_route=%2Fwp%2Fv2%2Fmedia&parent=72164"}],"wp:term":[{"taxonomy":"category","embeddable":true,"href":"https:\/\/www.egemtv.com\/index.php?rest_route=%2Fwp%2Fv2%2Fcategories&post=72164"},{"taxonomy":"post_tag","embeddable":true,"href":"https:\/\/www.egemtv.com\/index.php?rest_route=%2Fwp%2Fv2%2Ftags&post=72164"}],"curies":[{"name":"wp","href":"https:\/\/api.w.org\/{rel}","templated":true}]}}