{"id":72161,"date":"2025-12-05T11:15:09","date_gmt":"2025-12-05T08:15:09","guid":{"rendered":"https:\/\/www.egemtv.com\/?p=72161"},"modified":"2025-12-05T11:15:10","modified_gmt":"2025-12-05T08:15:10","slug":"zeytinde-halkali-leke-hastaligi-ile-mucadele-cagrisi-yapildi-2","status":"publish","type":"post","link":"https:\/\/www.egemtv.com\/?p=72161","title":{"rendered":"Zeytinde halkal\u0131 leke hastal\u0131\u011f\u0131 ile m\u00fccadele \u00e7a\u011fr\u0131s\u0131 yap\u0131ld\u0131"},"content":{"rendered":"<p>\u00d6nemli tar\u0131m \u00fcr\u00fcnlerinden olan zeytinde bak\u0131m \u00e7al\u0131\u015fmalar\u0131 devam ederken Ayd\u0131n \u0130l Tar\u0131m ve Orman M\u00fcd\u00fcrl\u00fc\u011f\u00fc, zeytinde halkal\u0131 leke hastal\u0131\u011f\u0131na dikkat \u00e7ekerek ila\u00e7lamalar\u0131n ya\u011fmurlardan sonra ba\u015flamas\u0131na y\u00f6nelik \u00fcreticileri uyard\u0131.<\/p>\n<p>T\u00fcrkiye\u2019nin zeytin a\u011fac\u0131 varl\u0131\u011f\u0131nda s\u00f6z sahibi illerden biri olan Ayd\u0131n\u2019da, \u00fcreticileri yeni sezon haz\u0131rl\u0131\u011f\u0131 tela\u015f\u0131 sard\u0131. Bu kapsamda Ayd\u0131n \u0130l Tar\u0131m ve Orman M\u00fcd\u00fcrl\u00fc\u011f\u00fc, \u00fcreticileri zeytinde halkal\u0131 leke hastal\u0131\u011f\u0131 konusunda uyard\u0131. Zeytindeki hastal\u0131klarla m\u00fccadele \u00e7er\u00e7evesinde \u00e7al\u0131\u015fmalar\u0131n s\u00fcrd\u00fc\u011f\u00fc il genelinde yaprak d\u00f6k\u00fcm\u00fcne neden olan zeytin halkal\u0131 leke hastal\u0131\u011f\u0131na kar\u015f\u0131 ila\u00e7lama \u00e7al\u0131\u015fmalar\u0131na ya\u011fmurlardan sonra ba\u015flanmas\u0131 gerekti\u011fi vurguland\u0131.<br \/>\n<br \/>Konu ile ilgili Ayd\u0131n \u0130l Tar\u0131m ve Orman M\u00fcd\u00fcrl\u00fc\u011f\u00fc\u2019nden \u2019Zeytinde halkal\u0131 leke hastal\u0131\u011f\u0131na dikkat\u2019 ba\u015fl\u0131\u011f\u0131 ile yap\u0131lan a\u00e7\u0131klamada &#8220;\u0130limizdeki zeytinliklerde g\u00f6r\u00fclen halkal\u0131 leke hastal\u0131\u011f\u0131n\u0131 \u00f6nlemek i\u00e7in, sonbaharda gen\u00e7 s\u00fcrg\u00fcnler \u00e7\u0131kmadan \u00f6nce ya da ya\u011fmurdan hemen sonra ila\u00e7lama yap\u0131lmal\u0131d\u0131r. \u00dcreticilerimiz, y\u00fczde 1,5 bordo bulamac\u0131 veya zeytin i\u00e7in ruhsatl\u0131 bak\u0131rl\u0131 ila\u00e7lar\u0131 kullanarak hastal\u0131\u011f\u0131n yay\u0131lmas\u0131n\u0131 kolayca engelleyebilir&#8221; ifadeleri yer ald\u0131.<br \/><\/p>\n","protected":false},"excerpt":{"rendered":"<p>\u00d6nemli tar\u0131m \u00fcr\u00fcnlerinden olan zeytinde bak\u0131m \u00e7al\u0131\u015fmalar\u0131 devam ederken Ayd\u0131n \u0130l Tar\u0131m ve Orman M\u00fcd\u00fcrl\u00fc\u011f\u00fc, zeytinde halkal\u0131 leke hastal\u0131\u011f\u0131na dikkat \u00e7ekerek ila\u00e7lamalar\u0131n ya\u011fmurlardan sonra ba\u015flamas\u0131na y\u00f6nelik \u00fcreticileri uyard\u0131. T\u00fcrkiye\u2019nin zeytin a\u011fac\u0131 varl\u0131\u011f\u0131nda s\u00f6z sahibi illerden biri olan Ayd\u0131n\u2019da, \u00fcreticileri yeni sezon haz\u0131rl\u0131\u011f\u0131 tela\u015f\u0131 sard\u0131. Bu kapsamda Ayd\u0131n \u0130l Tar\u0131m ve Orman M\u00fcd\u00fcrl\u00fc\u011f\u00fc, \u00fcreticileri zeytinde halkal\u0131&#8230;<\/p>\n","protected":false},"author":1,"featured_media":72162,"comment_status":"open","ping_status":"open","sticky":false,"template":"","format":"standard","meta":{"_crdt_document":"","footnotes":""},"categories":[1],"tags":[],"class_list":["post-72161","post","type-post","status-publish","format-standard","has-post-thumbnail","hentry","category-guncel"],"_links":{"self":[{"href":"https:\/\/www.egemtv.com\/index.php?rest_route=\/wp\/v2\/posts\/72161","targetHints":{"allow":["GET"]}}],"collection":[{"href":"https:\/\/www.egemtv.com\/index.php?rest_route=\/wp\/v2\/posts"}],"about":[{"href":"https:\/\/www.egemtv.com\/index.php?rest_route=\/wp\/v2\/types\/post"}],"author":[{"embeddable":true,"href":"https:\/\/www.egemtv.com\/index.php?rest_route=\/wp\/v2\/users\/1"}],"replies":[{"embeddable":true,"href":"https:\/\/www.egemtv.com\/index.php?rest_route=%2Fwp%2Fv2%2Fcomments&post=72161"}],"version-history":[{"count":1,"href":"https:\/\/www.egemtv.com\/index.php?rest_route=\/wp\/v2\/posts\/72161\/revisions"}],"predecessor-version":[{"id":72163,"href":"https:\/\/www.egemtv.com\/index.php?rest_route=\/wp\/v2\/posts\/72161\/revisions\/72163"}],"wp:featuredmedia":[{"embeddable":true,"href":"https:\/\/www.egemtv.com\/index.php?rest_route=\/wp\/v2\/media\/72162"}],"wp:attachment":[{"href":"https:\/\/www.egemtv.com\/index.php?rest_route=%2Fwp%2Fv2%2Fmedia&parent=72161"}],"wp:term":[{"taxonomy":"category","embeddable":true,"href":"https:\/\/www.egemtv.com\/index.php?rest_route=%2Fwp%2Fv2%2Fcategories&post=72161"},{"taxonomy":"post_tag","embeddable":true,"href":"https:\/\/www.egemtv.com\/index.php?rest_route=%2Fwp%2Fv2%2Ftags&post=72161"}],"curies":[{"name":"wp","href":"https:\/\/api.w.org\/{rel}","templated":true}]}}