{"id":72155,"date":"2025-12-05T10:55:55","date_gmt":"2025-12-05T07:55:55","guid":{"rendered":"https:\/\/www.egemtv.com\/?p=72155"},"modified":"2025-12-05T10:55:56","modified_gmt":"2025-12-05T07:55:56","slug":"buharkentte-engelliler-adu-ve-hemin-konugu-oldu","status":"publish","type":"post","link":"https:\/\/www.egemtv.com\/?p=72155","title":{"rendered":"Buharkent\u2019te engelliler AD\u00dc ve HEM\u2019in konu\u011fu oldu"},"content":{"rendered":"<p>Ayd\u0131n\u2019\u0131n Buharkent il\u00e7esindeki engelli bireyler, Buharkent Halk E\u011fitimi Merkezi ve Ayd\u0131n Adnan Menderes \u00dcniversitesi Buharkent Meslek Y\u00fcksek Okulu i\u015fbirli\u011finde haz\u0131rlanan programa konuk oldu.<\/p>\n<p>D\u00fczenlenen etkinlikte Halk E\u011fitimi Merkezinde a\u00e7\u0131lan kurslarda e\u011fitim alan kursiyer \u00f6\u011frenciler, m\u00fczik, halk oyunu ve jimnastik g\u00f6sterileri ile konuklar\u0131na unutulmaz bir g\u00fcn ya\u015fatt\u0131. AD\u00dc Buharkent MYO \u00f6\u011frencileri ve kursiyerlerin katk\u0131lar\u0131yla haz\u0131rlanan resim, diki\u015f, ah\u015fap boyama gibi \u00e7e\u015fitli dallardaki \u00e7al\u0131\u015fmalar da sergilendi.<\/p>\n<p>&#8220;Hepimizin ortak sorumlulu\u011fu&#8221;<br \/>\n<br \/>Buharkent Belediyesi Y\u00fczme Havuzu ve Sosyal Tesisleri\u2019nde d\u00fczenlenen programda ilk konu\u015fmay\u0131 Halk e\u011fitim Merkezi M\u00fcd\u00fcr\u00fc H\u00fcseyin \u0130pek yapt\u0131. Buharkent Halk E\u011fitimi Merkezi\u2019nin engelli bireyler i\u00e7in a\u00e7m\u0131\u015f oldu\u011fu kurslar ve yap\u0131lan \u00e7al\u0131\u015fmalar hakk\u0131nda bilgi veren \u0130pek: &#8220;3 Aral\u0131k D\u00fcnya engelliler g\u00fcn\u00fcnde toplum olarak fark\u0131ndal\u0131\u011f\u0131m\u0131z\u0131 g\u00fc\u00e7lendirdi\u011fimiz dayan\u0131\u015fman\u0131n ve e\u015fitlik bilincinin \u00f6ne \u00e7\u0131kt\u0131\u011f\u0131 anlaml\u0131 bir g\u00fcnd\u00fcr. Engelli bireylerimizin sosyal ya\u015famda, e\u011fitimde ve \u00e7al\u0131\u015fma hayat\u0131nda e\u015fit ve ba\u011f\u0131ms\u0131z bir \u015fekilde yer almas\u0131 hepimizin ortak sorumlulu\u011fudur&#8221; diye konu\u015ftu.<\/p>\n<p>&#8220;Hepimizin ortak hedefi olmal\u0131d\u0131r&#8221;<br \/>\n<br \/>AD\u00dc Buharkent MYO \u00d6\u011fretim G\u00f6revlisi \u0130smet Baysal konu\u015fmas\u0131nda: &#8220;Engelli bireylerimizin e\u011fitime, istihdama, sosyal ya\u015fama, spora ve sanata en az herkes kadar kat\u0131labilmesi hepimizin ortak hedefi olmal\u0131d\u0131r. Bug\u00fcn bu hedefi ger\u00e7ekle\u015ftirmenin yan\u0131 s\u0131ra \u00f6\u011frencilerimizin de fark\u0131ndal\u0131k d\u00fczeylerini y\u00fckseltecek bir etkinli\u011fi Halk E\u011fitimi Merkezi ve Buharkent Meslek Y\u00fcksekokulu olarak birlikte imza atm\u0131\u015f bulunuyoruz&#8221; dedi.<\/p>\n<p>&#8220;\u00d6\u011frencilerimizin okulla\u015fma oran\u0131n\u0131 art\u0131rd\u0131k&#8221;<br \/>\n<br \/>Buharkent \u0130l\u00e7e Milli E\u011fitimi M\u00fcd\u00fcr\u00fc Cavit Ba\u015ft\u00fcrk: &#8220;Tek bir \u00f6\u011frencimizin dahi e\u011fitim-\u00f6\u011fretim ortam\u0131ndan uzak kalmas\u0131n\u0131 istemiyoruz. \u00d6zel e\u011fitime ihtiyac\u0131 olan \u00e7ocuklar\u0131m\u0131z\u0131n e\u011fitim performanslar\u0131n\u0131 da dikkate alarak, akranlar\u0131 ile birlikte e\u011fitilmelerine \u00f6ncelik verdik. \u00d6\u011frencilerimizin okulla\u015fma oran\u0131n\u0131 art\u0131rd\u0131k. Hassasiyetle y\u00fcr\u00fctt\u00fc\u011f\u00fcm\u00fcz projeler ile engelli \u00f6\u011frencilerimizi akranlar\u0131yla farkl\u0131 ortamlarda bir araya getirerek onlar\u0131 hayat\u0131n i\u00e7inde olmaya te\u015fvik ediyoruz. \u00c7ok iyi biliyoruz ki bizim \u00e7ocuklar\u0131m\u0131z f\u0131rsat verildi\u011finde hayat\u0131n her alan\u0131nda; spordan sanata, teknolojiden i\u015f d\u00fcnyas\u0131na var\u0131ncaya kadar topluma \u00f6rnek olacak i\u015flere imza atacakt\u0131r&#8221; a\u00e7\u0131klamas\u0131nda bulundu.<\/p>\n<p>&#8220;E\u011fitimde f\u0131rsat e\u015fitli\u011fini temel ilke olarak benimsiyoruz&#8221; Buharkent Meslek Y\u00fcksekokulu M\u00fcd\u00fcr\u00fc Do\u00e7. Dr. Mehmet Kaya: &#8220;Okul olarak e\u011fitimde f\u0131rsat e\u015fitli\u011fini temel ilke olarak benimsiyoruz. \u00d6\u011frencilerimizin farkl\u0131 ihtiya\u00e7lar\u0131n\u0131 dikkate alarak uygulamalar\u0131 geli\u015ftirmek, kamp\u00fcs\u00fcm\u00fcz\u00fc eri\u015filebilir hale getirmek ve fark\u0131ndal\u0131k d\u00fczeyini y\u00fckselten \u00e7al\u0131\u015fmalar y\u00fcr\u00fctmek \u00f6nceliklerimiz aras\u0131ndad\u0131r. Her \u00f6\u011frencinin potansiyeline ula\u015fabilmesi i\u00e7in sunulan destek yaln\u0131zca bireysel bir kazan\u0131m de\u011fil; toplumun b\u00fct\u00fcn\u00fcne y\u00f6nelik bir yat\u0131r\u0131md\u0131r. Bug\u00fcn burada Meslek Y\u00fcksekokulumuz ve Halk E\u011fitimi Merkezimizle birlikte ger\u00e7ekle\u015ftirdi\u011fimiz ve belediyemiz taraf\u0131ndan desteklenen bu etkinlik, il\u00e7emizde g\u00fc\u00e7l\u00fc bir dayan\u0131\u015fma \u00f6rne\u011fi sunmaktad\u0131r&#8221; dedi.<\/p>\n<p>&#8220;Engelli vatanda\u015flar\u0131m\u0131z\u0131n her zaman yan\u0131nda olduk&#8221;<br \/>\n<br \/>Etkinli\u011fin son konu\u015fmas\u0131n\u0131 yapan Buharkent Belediye Ba\u015fkan\u0131 Mehmet Erol da &#8220;Bu g\u00fczel etkinlikten dolay\u0131 Meslek Y\u00fcksekokuluna ve Halk E\u011fitim Merkezimize \u00e7ok te\u015fekk\u00fcr ediyorum. Belediye olarak bu t\u00fcr etkinliklere her zaman destek verdik ve vermeye de devam edece\u011fiz. Belediye olarak her zaman Engelli vatanda\u015flar\u0131m\u0131z\u0131n yan\u0131nda olduk ve elimizdeki imkanlardan en iyi \u015fekilde yararlanmalar\u0131n\u0131 sa\u011flad\u0131k. \u0130l\u00e7e genelinde engelli bireylerin istihdama kat\u0131l\u0131m\u0131 i\u00e7in giri\u015fimlerimiz devam etmektedir. Organize sanayi b\u00f6lgemiz bunun i\u00e7in \u00e7e\u015fitli imkanlar sunmaktad\u0131r. Biz de \u00e7al\u0131\u015fmalar\u0131 yak\u0131nda takip ediyoruz&#8221; \u015feklinde konu\u015ftu.<\/p>\n<p>Etkinli\u011fe kat\u0131lan protokol \u00fcyelerinin yan\u0131 s\u0131ra \u00e7ok say\u0131da vatanda\u015f, olduk\u00e7a renkli ge\u00e7en programlar nedeniyle eme\u011fi ge\u00e7en herkese te\u015fekk\u00fcr ettiler.<br \/><\/p>\n","protected":false},"excerpt":{"rendered":"<p>Ayd\u0131n\u2019\u0131n Buharkent il\u00e7esindeki engelli bireyler, Buharkent Halk E\u011fitimi Merkezi ve Ayd\u0131n Adnan Menderes \u00dcniversitesi Buharkent Meslek Y\u00fcksek Okulu i\u015fbirli\u011finde haz\u0131rlanan programa konuk oldu. D\u00fczenlenen etkinlikte Halk E\u011fitimi Merkezinde a\u00e7\u0131lan kurslarda e\u011fitim alan kursiyer \u00f6\u011frenciler, m\u00fczik, halk oyunu ve jimnastik g\u00f6sterileri ile konuklar\u0131na unutulmaz bir g\u00fcn ya\u015fatt\u0131. AD\u00dc Buharkent MYO \u00f6\u011frencileri ve kursiyerlerin katk\u0131lar\u0131yla haz\u0131rlanan resim,&#8230;<\/p>\n","protected":false},"author":1,"featured_media":72156,"comment_status":"open","ping_status":"open","sticky":false,"template":"","format":"standard","meta":{"_crdt_document":"","footnotes":""},"categories":[1],"tags":[],"class_list":["post-72155","post","type-post","status-publish","format-standard","has-post-thumbnail","hentry","category-guncel"],"_links":{"self":[{"href":"https:\/\/www.egemtv.com\/index.php?rest_route=\/wp\/v2\/posts\/72155","targetHints":{"allow":["GET"]}}],"collection":[{"href":"https:\/\/www.egemtv.com\/index.php?rest_route=\/wp\/v2\/posts"}],"about":[{"href":"https:\/\/www.egemtv.com\/index.php?rest_route=\/wp\/v2\/types\/post"}],"author":[{"embeddable":true,"href":"https:\/\/www.egemtv.com\/index.php?rest_route=\/wp\/v2\/users\/1"}],"replies":[{"embeddable":true,"href":"https:\/\/www.egemtv.com\/index.php?rest_route=%2Fwp%2Fv2%2Fcomments&post=72155"}],"version-history":[{"count":1,"href":"https:\/\/www.egemtv.com\/index.php?rest_route=\/wp\/v2\/posts\/72155\/revisions"}],"predecessor-version":[{"id":72157,"href":"https:\/\/www.egemtv.com\/index.php?rest_route=\/wp\/v2\/posts\/72155\/revisions\/72157"}],"wp:featuredmedia":[{"embeddable":true,"href":"https:\/\/www.egemtv.com\/index.php?rest_route=\/wp\/v2\/media\/72156"}],"wp:attachment":[{"href":"https:\/\/www.egemtv.com\/index.php?rest_route=%2Fwp%2Fv2%2Fmedia&parent=72155"}],"wp:term":[{"taxonomy":"category","embeddable":true,"href":"https:\/\/www.egemtv.com\/index.php?rest_route=%2Fwp%2Fv2%2Fcategories&post=72155"},{"taxonomy":"post_tag","embeddable":true,"href":"https:\/\/www.egemtv.com\/index.php?rest_route=%2Fwp%2Fv2%2Ftags&post=72155"}],"curies":[{"name":"wp","href":"https:\/\/api.w.org\/{rel}","templated":true}]}}