{"id":72152,"date":"2025-12-05T10:55:54","date_gmt":"2025-12-05T07:55:54","guid":{"rendered":"https:\/\/www.egemtv.com\/?p=72152"},"modified":"2025-12-05T10:55:55","modified_gmt":"2025-12-05T07:55:55","slug":"cocukluk-hayali-olan-gokkusaginin-altindan-dronla-gecmeyi-denedi","status":"publish","type":"post","link":"https:\/\/www.egemtv.com\/?p=72152","title":{"rendered":"\u00c7ocukluk hayali olan g\u00f6kku\u015fa\u011f\u0131n\u0131n alt\u0131ndan dronla ge\u00e7meyi denedi"},"content":{"rendered":"<p>\u0130zmir\u2019de ya\u015fayan dron pilotu, Karaburun yolunda kar\u015f\u0131la\u015ft\u0131\u011f\u0131 g\u00f6kku\u015fa\u011f\u0131n\u0131n i\u00e7inden ge\u00e7me hayalini ger\u00e7ekle\u015ftirmek i\u00e7in dronunu havaland\u0131rd\u0131. Sonu\u00e7 bekledi\u011fi gibi hayal k\u0131r\u0131kl\u0131\u011f\u0131yla sonu\u00e7lan\u0131rken, dron pilotu sonucu bilmesine ra\u011fmen \u00e7ocukluk hayalini denedi\u011fini s\u00f6yledi.<br \/>\n<br \/>10 y\u0131ld\u0131r \u0130nsans\u0131z hava arac\u0131 (\u0130HA) kullanan dron pilotu Mustafa Ka\u00e7an, Karaburun yolu \u00fczerinde seyir halindeyken kar\u015f\u0131s\u0131na \u00e7\u0131kan g\u00f6kku\u015fa\u011f\u0131n\u0131 f\u0131rsata \u00e7evirerek dronunu havaland\u0131rd\u0131. \u00c7ocukluk hayallerinden biri olan \u2019g\u00f6kku\u015fa\u011f\u0131n\u0131n i\u00e7inden ge\u00e7me\u2019 fikrini denemek isteyen Ka\u00e7an, o anlar\u0131 kay\u0131t alt\u0131na ald\u0131. Ancak deneme, beklendi\u011fi gibi hayal k\u0131r\u0131kl\u0131\u011f\u0131yla sonu\u00e7land\u0131. Bir \u0131\u015f\u0131k k\u0131r\u0131lmas\u0131 olan g\u00f6kku\u015fa\u011f\u0131, dron ile \u00fczerine gittik\u00e7e uzakla\u015ft\u0131.<\/p>\n<p>&#8220;Umudun ger\u00e7ekle\u015fmedi\u011fini g\u00f6rd\u00fck&#8221;<br \/>\n<br \/>O anlar\u0131n spontane geli\u015fti\u011fini s\u00f6yleyen Ka\u00e7an, &#8220;10 y\u0131ld\u0131r dronlarla ilgileniyorum, ayn\u0131 zamanda e\u011fitmenlik yap\u0131yorum. Karaburun\u2019a do\u011fru giderken hava hafif \u00e7iseliyordu. I\u015f\u0131\u011f\u0131n da do\u011fru a\u00e7\u0131yla vurmas\u0131 sonucu g\u00f6kku\u015fa\u011f\u0131 \u00e7ok belirginle\u015fti. Arac\u0131 sa\u011fa \u00e7ektim ve dronumu kald\u0131rd\u0131m. \u0130lk bak\u0131\u015fta umut vericiydi fakat umudun ger\u00e7ekle\u015fmedi\u011fini g\u00f6rd\u00fck&#8221; dedi.<\/p>\n<p>&#8220;Hayal k\u0131r\u0131kl\u0131\u011f\u0131 oldu&#8221;<br \/>\n<br \/>Ka\u00e7an, deneyimin hem e\u011flenceli hem de \u00f6\u011fretici oldu\u011funu belirterek \u015funu s\u00f6yledi: &#8220;Biraz hayal k\u0131r\u0131kl\u0131\u011f\u0131 oldu. \u00c7ocuklukta hep anlat\u0131lan, g\u00f6kku\u015fa\u011f\u0131n\u0131n bitti\u011fi yerde define oldu\u011fu efsanesini d\u00fc\u015f\u00fcnd\u00fcm. I\u015f\u0131k k\u0131r\u0131lmas\u0131n\u0131 g\u00f6stermek ve bunu biraz mizansenle\u015ftirip, hikayele\u015ftirmek istedim. \u0130zleyenler \u2018\u0130ki dronu kar\u015f\u0131l\u0131kl\u0131 getirsek s\u0131k\u0131\u015f\u0131r m\u0131yd\u0131?\u2019 diye bile sordu. I\u015f\u0131k \u00e7ok g\u00fczel g\u00f6r\u00fcn\u00fcyordu ama sonu\u00e7 olarak g\u00f6kku\u015fa\u011f\u0131n\u0131n i\u00e7inden ge\u00e7ilmiyor. Biz kovalad\u0131k\u00e7a o ka\u00e7\u0131yor; hayat gibi asl\u0131nda.&#8221;<br \/>\n<br \/>Denemenin \u00f6\u011frenciler i\u00e7in de bilimsel bir \u00f6rnek olu\u015fturdu\u011funu ifade eden Ka\u00e7an, &#8220;\u00c7ocuklu\u011fumuzun k\u00fc\u00e7\u00fck bir hayal k\u0131r\u0131kl\u0131\u011f\u0131yd\u0131 ama bir ger\u00e7e\u011fi de g\u00f6rm\u00fc\u015f olduk. Buna ra\u011fmen ortaya \u00e7ok keyifli bir g\u00f6r\u00fcnt\u00fc \u00e7\u0131kt\u0131&#8221; dedi.<br \/><\/p>\n","protected":false},"excerpt":{"rendered":"<p>\u0130zmir\u2019de ya\u015fayan dron pilotu, Karaburun yolunda kar\u015f\u0131la\u015ft\u0131\u011f\u0131 g\u00f6kku\u015fa\u011f\u0131n\u0131n i\u00e7inden ge\u00e7me hayalini ger\u00e7ekle\u015ftirmek i\u00e7in dronunu havaland\u0131rd\u0131. Sonu\u00e7 bekledi\u011fi gibi hayal k\u0131r\u0131kl\u0131\u011f\u0131yla sonu\u00e7lan\u0131rken, dron pilotu sonucu bilmesine ra\u011fmen \u00e7ocukluk hayalini denedi\u011fini s\u00f6yledi. 10 y\u0131ld\u0131r \u0130nsans\u0131z hava arac\u0131 (\u0130HA) kullanan dron pilotu Mustafa Ka\u00e7an, Karaburun yolu \u00fczerinde seyir halindeyken kar\u015f\u0131s\u0131na \u00e7\u0131kan g\u00f6kku\u015fa\u011f\u0131n\u0131 f\u0131rsata \u00e7evirerek dronunu havaland\u0131rd\u0131. \u00c7ocukluk hayallerinden&#8230;<\/p>\n","protected":false},"author":1,"featured_media":72153,"comment_status":"open","ping_status":"open","sticky":false,"template":"","format":"standard","meta":{"_crdt_document":"","footnotes":""},"categories":[123],"tags":[],"class_list":["post-72152","post","type-post","status-publish","format-standard","has-post-thumbnail","hentry","category-gundem"],"_links":{"self":[{"href":"https:\/\/www.egemtv.com\/index.php?rest_route=\/wp\/v2\/posts\/72152","targetHints":{"allow":["GET"]}}],"collection":[{"href":"https:\/\/www.egemtv.com\/index.php?rest_route=\/wp\/v2\/posts"}],"about":[{"href":"https:\/\/www.egemtv.com\/index.php?rest_route=\/wp\/v2\/types\/post"}],"author":[{"embeddable":true,"href":"https:\/\/www.egemtv.com\/index.php?rest_route=\/wp\/v2\/users\/1"}],"replies":[{"embeddable":true,"href":"https:\/\/www.egemtv.com\/index.php?rest_route=%2Fwp%2Fv2%2Fcomments&post=72152"}],"version-history":[{"count":1,"href":"https:\/\/www.egemtv.com\/index.php?rest_route=\/wp\/v2\/posts\/72152\/revisions"}],"predecessor-version":[{"id":72154,"href":"https:\/\/www.egemtv.com\/index.php?rest_route=\/wp\/v2\/posts\/72152\/revisions\/72154"}],"wp:featuredmedia":[{"embeddable":true,"href":"https:\/\/www.egemtv.com\/index.php?rest_route=\/wp\/v2\/media\/72153"}],"wp:attachment":[{"href":"https:\/\/www.egemtv.com\/index.php?rest_route=%2Fwp%2Fv2%2Fmedia&parent=72152"}],"wp:term":[{"taxonomy":"category","embeddable":true,"href":"https:\/\/www.egemtv.com\/index.php?rest_route=%2Fwp%2Fv2%2Fcategories&post=72152"},{"taxonomy":"post_tag","embeddable":true,"href":"https:\/\/www.egemtv.com\/index.php?rest_route=%2Fwp%2Fv2%2Ftags&post=72152"}],"curies":[{"name":"wp","href":"https:\/\/api.w.org\/{rel}","templated":true}]}}