{"id":72149,"date":"2025-12-05T10:55:53","date_gmt":"2025-12-05T07:55:53","guid":{"rendered":"https:\/\/www.egemtv.com\/?p=72149"},"modified":"2025-12-05T10:55:54","modified_gmt":"2025-12-05T07:55:54","slug":"baskan-gunel-kusadasi-turizmde-yeniden-marka-kent-oldu","status":"publish","type":"post","link":"https:\/\/www.egemtv.com\/?p=72149","title":{"rendered":"Ba\u015fkan G\u00fcnel: \u2019Ku\u015fadas\u0131 turizmde yeniden marka kent oldu\u2019"},"content":{"rendered":"<p>Ku\u015fadas\u0131 Belediye Ba\u015fkan\u0131 \u00d6mer G\u00fcnel, 19\u2019uncu TTI \u0130zmir Uluslararas\u0131 Turizm Ticaret Fuar ve Kongresi\u2019nde d\u00fczenlenen \u2018\u0130l\u00e7elerin Kalk\u0131nmas\u0131nda Turizmin Rol\u00fc isimli panele kat\u0131ld\u0131. Panelde, \u00c7e\u015fme Turistik Otelciler Birli\u011fi (\u00c7E\u015eTOB) Ba\u015fkan\u0131 Moderat\u00f6r Orhan Belge\u2019nin sorular\u0131n\u0131 yan\u0131tlayan Ba\u015fkan \u00d6mer G\u00fcnel, &#8220;\u00c7al\u0131\u015fmalar\u0131m\u0131z sayesinde Ku\u015fadas\u0131 T\u00fcrkiye turizminde yeniden marka kent haline geldi. Her y\u0131l kendi turist rekorunu k\u0131r\u0131yor&#8221; dedi.<\/p>\n<p>TTI \u0130zmir 19\u2019uncu Uluslararas\u0131 Turizm Ticaret Fuar ve Kongresi, 54 \u00fclkenin kat\u0131l\u0131m\u0131yla d\u00fcn ba\u015flad\u0131. K\u00fclt\u00fcr ve Turizm Bakanl\u0131\u011f\u0131 himayesinde, \u0130zmir B\u00fcy\u00fck\u015fehir Belediyesi ev sahipli\u011finde, \u0130ZFA\u015e ve T\u00dcRSAB i\u015f birli\u011fiyle d\u00fczenlenen fuar\u0131, Ku\u015fadas\u0131 Belediye Ba\u015fkan\u0131 \u00d6mer G\u00fcnel de ziyaret edip, \u2018\u0130l\u00e7elerin Kalk\u0131nmas\u0131nda Turizmin Rol\u00fc isimli panele kat\u0131ld\u0131. Panelde, \u00c7E\u015eTOB Ba\u015fkan\u0131 Moderat\u00f6r Orhan Belge\u2019nin sorular\u0131n\u0131 yan\u0131tlayan Ba\u015fkan \u00d6mer G\u00fcnel, Ku\u015fadas\u0131\u2019nda turizminin 12 aya yay\u0131lmas\u0131 i\u00e7in hayata ge\u00e7irdikleri projeler ile yap\u0131lmas\u0131 gerekenleri anlatt\u0131.<\/p>\n<p>Ba\u015fkan \u00d6mer G\u00fcnel, panelin ba\u015f\u0131nda Ku\u015fadas\u0131\u2019nda turizm kaynakl\u0131 ya\u015fanan zorluklara de\u011findi. Turizm kenti olman\u0131n \u00f6ne \u00e7\u0131kan sorunlar\u0131ndan birinin fiili n\u00fcfusun resmi n\u00fcfusun \u00fczerine \u00e7\u0131kmas\u0131 oldu\u011funu belirten Ba\u015fkan \u00d6mer G\u00fcnel, &#8220;Devletten resmi n\u00fcfus oran\u0131nda b\u00fct\u00e7e al\u0131yoruz. Ancak al\u0131nan b\u00fct\u00e7e fiili n\u00fcfusun ihtiya\u00e7lar\u0131n\u0131 kar\u015f\u0131lamakta eksik kal\u0131yor. Bu da zaman zaman arzu edilen hizmetin verilememesine neden oluyor. Bu sorun asl\u0131nda bir\u00e7ok k\u0131y\u0131 turizm kentimizin de sorunu&#8221; dedi.<\/p>\n<p>Panelde, Avrupa\u2019n\u0131n en b\u00fcy\u00fck kongre merkezlerinden biri olan KOMER\u2019in son durumuyla ilgili soruyu da yan\u0131tlayan Ba\u015fkan \u00d6mer G\u00fcnel, &#8220;Efes Kongre Merkezi, 2013 y\u0131l\u0131nda a\u00e7\u0131lan; maliyeti o d\u00f6nemin paras\u0131yla 100 milyon dolar\u0131 bulan bir tesis. Ancak dev tesis y\u0131llard\u0131r kapal\u0131. Bu bizim de kanayan yaram\u0131z. Efes Kongre Merkezi\u2019nin en k\u0131sa s\u00fcrede tekrar faaliyete ge\u00e7mesi i\u00e7in en ba\u015f\u0131ndan beri b\u00fcy\u00fck \u00e7aba sarf ettik. Ku\u015fadas\u0131\u2019nda turizmi 12 aya \u00e7\u0131karmak i\u00e7in yap\u0131lan en b\u00fcy\u00fck yat\u0131r\u0131mlardan biri olan KOMER i\u00e7in \u00fczerimize d\u00fc\u015feni yapmaya haz\u0131r\u0131z. Lakin ne yaz\u0131k ki bu konuda herhangi bir geli\u015fme oldu\u011fu m\u00fcjdesini size veremiyorum&#8221; diye konu\u015ftu.<\/p>\n<p>G\u00f6reve geldikten sonra yapt\u0131klar\u0131 \u00e7al\u0131\u015fmalar sayesinde Ku\u015fadas\u0131\u2019n\u0131n T\u00fcrkiye turizminde yeniden marka kent oldu\u011funa da dikkat \u00e7eken Ba\u015fkan \u00d6mer G\u00fcnel, &#8220;Son y\u0131llarda, k\u00fcresel ve b\u00f6lgesel olumsuzluklardan dolay\u0131 marka de\u011ferini yitiren Ku\u015fadas\u0131\u2019na yeniden marka de\u011ferini kazand\u0131rd\u0131k. Bunu yaparken de Ku\u015fadas\u0131\u2019nda turizmi 12 aya yaymak i\u00e7in \u00e7al\u0131\u015fmalar\u0131m\u0131z\u0131 s\u00fcrd\u00fcr\u00fcyoruz. Amac\u0131m\u0131z, d\u00fcnya \u00e7ap\u0131nda tan\u0131nan bir turizm kenti olman\u0131n yan\u0131 s\u0131ra, k\u00fclt\u00fcrel ve do\u011fal miras\u0131m\u0131z\u0131 koruyarak, s\u00fcrd\u00fcr\u00fclebilir bir turizm destinasyonu olmak. 2019 y\u0131l\u0131nda turizm seferberli\u011fimizin ba\u015flamas\u0131yla; turist say\u0131s\u0131 h\u0131zla artt\u0131. 2020-2021 y\u0131llar\u0131 pandemi dolay\u0131s\u0131yla durgun ge\u00e7mi\u015f olsa da 2022 itibariyle, hem kruvaziyer turizminde hem konaklamal\u0131 turizmde her y\u0131l kendi rekorumuzu k\u0131r\u0131yoruz. Hali haz\u0131rda gelen turist say\u0131s\u0131 1,5 milyon s\u0131n\u0131r\u0131na yakla\u015ft\u0131. 2026 y\u0131l\u0131nda kruvaziyer yolcusu ile beraber 2,5 milyon turist a\u011f\u0131rlamay\u0131 bekliyoruz. Kentimiz 22 adet 5 y\u0131ld\u0131zl\u0131 otel ve 29 bin 437 nitelikli yatak kapasitesine sahip. Otel ve tesislerimizde nitelikli yatak kapasitesi her y\u0131l ortalama y\u00fczde 5-10 oran\u0131nda artmakta. 2026 sezonunda 4 zincir otel ve 3 bin 500 nitelikli yatak sahibi daha olaca\u011f\u0131z&#8221; dedi.<\/p>\n<p>Ku\u015fadas\u0131 Belediyesi olarak turizm fuarlar\u0131n\u0131 da \u00e7ok \u00f6nemsediklerini belirten Ba\u015fkan G\u00fcnel, s\u00f6zlerini \u015f\u00f6yle tamamlad\u0131: &#8220;Kentimizin do\u011fal, tarihi, k\u00fclt\u00fcrel zenginliklerini; alternatif turizm potansiyelini ve konaklama imkanlar\u0131n\u0131 tan\u0131tmak amac\u0131yla turizmcilerimizle i\u015f birli\u011fi i\u00e7erisinde \u00f6nemli turizm fuarlar\u0131na kat\u0131l\u0131m sa\u011fl\u0131yoruz. Fuarlarda turizmcilerle ve acente temsilcileriyle birebir g\u00f6r\u00fc\u015fmeler ger\u00e7ekle\u015ftirerek kentimizin etkin tan\u0131t\u0131m\u0131n\u0131 yap\u0131yoruz. \u0130ngiliz turizm firmalar\u0131yla da i\u015f birli\u011fi i\u00e7erisindeyiz. Bunun da kar\u015f\u0131l\u0131\u011f\u0131n\u0131 almaya ba\u015flad\u0131k. Gelecek y\u0131l T\u00fcrkiye genelinde \u0130ngiliz turist say\u0131s\u0131nda azalma beklenirken bizim kurdu\u011fumuz temaslar sayesinde Ku\u015fadas\u0131\u2019nda art\u0131\u015f ya\u015fanacak. Bunun yan\u0131nda kentimizde turizm yat\u0131r\u0131mlar\u0131 da yap\u0131yoruz. Davutlar Mahallesi\u2019nde hizmete a\u00e7t\u0131\u011f\u0131m\u0131z Ada Camping, bug\u00fcn T\u00fcrkiye\u2019nin en \u00e7ok tercih edilen kamp ve karavan merkezi. Yine dijital g\u00f6\u00e7ebeler i\u00e7in ya\u015fama ge\u00e7irdi\u011fimiz Kampinova yeni turizm anlay\u0131\u015f\u0131na farkl\u0131 bir soluk getirdi. Ayr\u0131ca Ku\u015fadas\u0131\u2019nda yerli ve yabanc\u0131 ziyaret\u00e7ilerimiz i\u00e7in de yeni turistik ve k\u00fclt\u00fcrel rotalar kazand\u0131rd\u0131k&#8221;<br \/><\/p>\n","protected":false},"excerpt":{"rendered":"<p>Ku\u015fadas\u0131 Belediye Ba\u015fkan\u0131 \u00d6mer G\u00fcnel, 19\u2019uncu TTI \u0130zmir Uluslararas\u0131 Turizm Ticaret Fuar ve Kongresi\u2019nde d\u00fczenlenen \u2018\u0130l\u00e7elerin Kalk\u0131nmas\u0131nda Turizmin Rol\u00fc isimli panele kat\u0131ld\u0131. Panelde, \u00c7e\u015fme Turistik Otelciler Birli\u011fi (\u00c7E\u015eTOB) Ba\u015fkan\u0131 Moderat\u00f6r Orhan Belge\u2019nin sorular\u0131n\u0131 yan\u0131tlayan Ba\u015fkan \u00d6mer G\u00fcnel, &#8220;\u00c7al\u0131\u015fmalar\u0131m\u0131z sayesinde Ku\u015fadas\u0131 T\u00fcrkiye turizminde yeniden marka kent haline geldi. Her y\u0131l kendi turist rekorunu k\u0131r\u0131yor&#8221; dedi. TTI&#8230;<\/p>\n","protected":false},"author":1,"featured_media":72150,"comment_status":"open","ping_status":"open","sticky":false,"template":"","format":"standard","meta":{"_crdt_document":"","footnotes":""},"categories":[125],"tags":[],"class_list":["post-72149","post","type-post","status-publish","format-standard","has-post-thumbnail","hentry","category-ekonomi"],"_links":{"self":[{"href":"https:\/\/www.egemtv.com\/index.php?rest_route=\/wp\/v2\/posts\/72149","targetHints":{"allow":["GET"]}}],"collection":[{"href":"https:\/\/www.egemtv.com\/index.php?rest_route=\/wp\/v2\/posts"}],"about":[{"href":"https:\/\/www.egemtv.com\/index.php?rest_route=\/wp\/v2\/types\/post"}],"author":[{"embeddable":true,"href":"https:\/\/www.egemtv.com\/index.php?rest_route=\/wp\/v2\/users\/1"}],"replies":[{"embeddable":true,"href":"https:\/\/www.egemtv.com\/index.php?rest_route=%2Fwp%2Fv2%2Fcomments&post=72149"}],"version-history":[{"count":1,"href":"https:\/\/www.egemtv.com\/index.php?rest_route=\/wp\/v2\/posts\/72149\/revisions"}],"predecessor-version":[{"id":72151,"href":"https:\/\/www.egemtv.com\/index.php?rest_route=\/wp\/v2\/posts\/72149\/revisions\/72151"}],"wp:featuredmedia":[{"embeddable":true,"href":"https:\/\/www.egemtv.com\/index.php?rest_route=\/wp\/v2\/media\/72150"}],"wp:attachment":[{"href":"https:\/\/www.egemtv.com\/index.php?rest_route=%2Fwp%2Fv2%2Fmedia&parent=72149"}],"wp:term":[{"taxonomy":"category","embeddable":true,"href":"https:\/\/www.egemtv.com\/index.php?rest_route=%2Fwp%2Fv2%2Fcategories&post=72149"},{"taxonomy":"post_tag","embeddable":true,"href":"https:\/\/www.egemtv.com\/index.php?rest_route=%2Fwp%2Fv2%2Ftags&post=72149"}],"curies":[{"name":"wp","href":"https:\/\/api.w.org\/{rel}","templated":true}]}}