{"id":72146,"date":"2025-12-05T10:55:52","date_gmt":"2025-12-05T07:55:52","guid":{"rendered":"https:\/\/www.egemtv.com\/?p=72146"},"modified":"2025-12-05T10:55:53","modified_gmt":"2025-12-05T07:55:53","slug":"bodrumda-sokaklar-gole-dondu-araclar-sular-altinda-kaldi","status":"publish","type":"post","link":"https:\/\/www.egemtv.com\/?p=72146","title":{"rendered":"Bodrumda sokaklar g\u00f6le d\u00f6nd\u00fc ara\u00e7lar sular alt\u0131nda kald\u0131"},"content":{"rendered":"<p>Bodrum\u2019da sabah saatlerinde bir anda bast\u0131ran sa\u011fanak, il\u00e7eyi sular alt\u0131nda b\u0131rakt\u0131. Cadde ve sokaklar sel sular\u0131yla dolarken ara\u00e7lar suyun i\u00e7inde s\u00fcr\u00fcklenme tehlikesi ya\u015fad\u0131. S\u00fcr\u00fcc\u00fcler panikle kap\u0131lar\u0131 a\u00e7\u0131p d\u0131\u015far\u0131 \u00e7\u0131kmaya \u00e7al\u0131\u015ft\u0131, kimi ara\u00e7lar hareketsiz \u015fekilde yar\u0131ya kadar suya g\u00f6m\u00fcld\u00fc.<\/p>\n<p>Sel bir anda bast\u0131, hayat durdu: Vatanda\u015flar neye u\u011frad\u0131\u011f\u0131n\u0131 \u015fa\u015f\u0131rd\u0131<br \/>\n<br \/>Meteoroloji\u2019nin ve AFAD\u2019\u0131n Turuncu kod uyar\u0131s\u0131n\u0131n ard\u0131ndan ba\u015flayan sa\u011fanak, \u00f6zellikle Bodrum-Turgutreis ve G\u00fcmbet hatt\u0131nda hayat\u0131 felce u\u011fratt\u0131. Mazgallar t\u0131kan\u0131nca su seviyesi h\u0131zla y\u00fckseldi. Vatanda\u015flar sokaklarda y\u00fcr\u00fcyemez hale geldi, ara\u00e7lar yolun ortas\u0131nda savruldu. Suyu yararak ilerlemeye \u00e7al\u0131\u015fan s\u00fcr\u00fcc\u00fcler, sele teslim olmamak i\u00e7in b\u00fcy\u00fck m\u00fccadele verdi.<\/p>\n<p>Trafikte b\u00fcy\u00fck kaos: Ara\u00e7 kuyruklar\u0131 kilometrelerce uzad\u0131<br \/>\n<br \/>Belediye ekipleri ta\u015fan mazgallar\u0131 a\u00e7mak i\u00e7in seferber olurken, \u00e7ekiciler selde mahsur kalan ara\u00e7lar\u0131 yol kenar\u0131na almaya \u00e7al\u0131\u015ft\u0131. Jandarma trafi\u011fi kontroll\u00fc \u015fekilde y\u00f6nlendirdi ancak kuyruklar g\u00f6z alabildi\u011fine uzad\u0131. \u0130l\u00e7ede sa\u011fanak ya\u011f\u0131\u015f aral\u0131klarla s\u00fcr\u00fcyor, yeni bask\u0131nlara kar\u015f\u0131 ekipler alarmda.<br \/><\/p>\n","protected":false},"excerpt":{"rendered":"<p>Bodrum\u2019da sabah saatlerinde bir anda bast\u0131ran sa\u011fanak, il\u00e7eyi sular alt\u0131nda b\u0131rakt\u0131. Cadde ve sokaklar sel sular\u0131yla dolarken ara\u00e7lar suyun i\u00e7inde s\u00fcr\u00fcklenme tehlikesi ya\u015fad\u0131. S\u00fcr\u00fcc\u00fcler panikle kap\u0131lar\u0131 a\u00e7\u0131p d\u0131\u015far\u0131 \u00e7\u0131kmaya \u00e7al\u0131\u015ft\u0131, kimi ara\u00e7lar hareketsiz \u015fekilde yar\u0131ya kadar suya g\u00f6m\u00fcld\u00fc. Sel bir anda bast\u0131, hayat durdu: Vatanda\u015flar neye u\u011frad\u0131\u011f\u0131n\u0131 \u015fa\u015f\u0131rd\u0131 Meteoroloji\u2019nin ve AFAD\u2019\u0131n Turuncu kod uyar\u0131s\u0131n\u0131n ard\u0131ndan&#8230;<\/p>\n","protected":false},"author":1,"featured_media":72147,"comment_status":"open","ping_status":"open","sticky":false,"template":"","format":"standard","meta":{"_crdt_document":"","footnotes":""},"categories":[5],"tags":[],"class_list":["post-72146","post","type-post","status-publish","format-standard","has-post-thumbnail","hentry","category-asayis"],"_links":{"self":[{"href":"https:\/\/www.egemtv.com\/index.php?rest_route=\/wp\/v2\/posts\/72146","targetHints":{"allow":["GET"]}}],"collection":[{"href":"https:\/\/www.egemtv.com\/index.php?rest_route=\/wp\/v2\/posts"}],"about":[{"href":"https:\/\/www.egemtv.com\/index.php?rest_route=\/wp\/v2\/types\/post"}],"author":[{"embeddable":true,"href":"https:\/\/www.egemtv.com\/index.php?rest_route=\/wp\/v2\/users\/1"}],"replies":[{"embeddable":true,"href":"https:\/\/www.egemtv.com\/index.php?rest_route=%2Fwp%2Fv2%2Fcomments&post=72146"}],"version-history":[{"count":1,"href":"https:\/\/www.egemtv.com\/index.php?rest_route=\/wp\/v2\/posts\/72146\/revisions"}],"predecessor-version":[{"id":72148,"href":"https:\/\/www.egemtv.com\/index.php?rest_route=\/wp\/v2\/posts\/72146\/revisions\/72148"}],"wp:featuredmedia":[{"embeddable":true,"href":"https:\/\/www.egemtv.com\/index.php?rest_route=\/wp\/v2\/media\/72147"}],"wp:attachment":[{"href":"https:\/\/www.egemtv.com\/index.php?rest_route=%2Fwp%2Fv2%2Fmedia&parent=72146"}],"wp:term":[{"taxonomy":"category","embeddable":true,"href":"https:\/\/www.egemtv.com\/index.php?rest_route=%2Fwp%2Fv2%2Fcategories&post=72146"},{"taxonomy":"post_tag","embeddable":true,"href":"https:\/\/www.egemtv.com\/index.php?rest_route=%2Fwp%2Fv2%2Ftags&post=72146"}],"curies":[{"name":"wp","href":"https:\/\/api.w.org\/{rel}","templated":true}]}}