{"id":72143,"date":"2025-12-05T10:55:51","date_gmt":"2025-12-05T07:55:51","guid":{"rendered":"https:\/\/www.egemtv.com\/?p=72143"},"modified":"2025-12-05T10:55:52","modified_gmt":"2025-12-05T07:55:52","slug":"baskan-cercioglu-vatandaslarimizi-kaliteli-hizmetle-bulusturmaya-devam-edecegiz","status":"publish","type":"post","link":"https:\/\/www.egemtv.com\/?p=72143","title":{"rendered":"Ba\u015fkan \u00c7er\u00e7io\u011flu: &#8220;Vatanda\u015flar\u0131m\u0131z\u0131 kaliteli hizmetle bulu\u015fturmaya devam edece\u011fiz&#8221;"},"content":{"rendered":"<p>Ayd\u0131n B\u00fcy\u00fck\u015fehir Belediyesi Turistik Park Kafe ve Restoran, hijyenik ve kaliteli hizmet anlay\u0131\u015f\u0131yla uygun fiyatl\u0131 \u00fcr\u00fcnleri vatanda\u015flarla bulu\u015fturmaya devam ederken Belediye Ba\u015fkan\u0131 \u00d6zlem \u00c7er\u00e7io\u011flu, &#8220;Vatanda\u015flar\u0131m\u0131z\u0131 kaliteli hizmetle bulu\u015fturmaya devam edece\u011fiz&#8221; dedi.<\/p>\n<p>Ayd\u0131n B\u00fcy\u00fck\u015fehir Belediyesi taraf\u0131ndan i\u015fletilen Turistik Park Kafe ve Restoran, ba\u015fta emekliler olmak \u00fczere her ya\u015ftan vatanda\u015f\u0131n u\u011frak noktas\u0131 olmaya devam ediyor. Uzun y\u0131llard\u0131r Ayd\u0131nl\u0131lar\u0131n \u00f6ncelikli tercihi olan Turistik Park Kafe ve Restoran; hijyenik ortam\u0131, uygun fiyatl\u0131 men\u00fcs\u00fc ve kaliteli hizmet anlay\u0131\u015f\u0131yla g\u00fcn boyunca yo\u011fun ilgi g\u00f6r\u00fcyor.<\/p>\n<p>Men\u00fcs\u00fcnde pideden sulu yemeklere, kahveden tatl\u0131ya bir\u00e7ok \u00fcr\u00fcn\u00fc bulunduran ve usta a\u015f\u00e7\u0131lar taraf\u0131ndan haz\u0131rlanan lezzetleri Ayd\u0131nl\u0131lar ile bulu\u015fturan Turistik Park Kafe ve Restoran, vatanda\u015flar\u0131n hem cebine hem de damaklar\u0131na hizmet ediyor.<\/p>\n<p>&#8220;\u00d6zlem Ba\u015fkan\u0131m\u0131za te\u015fekk\u00fcr ederiz&#8221;<br \/>\n<br \/>Didim\u2019de ya\u015fad\u0131klar\u0131n\u0131, Efeler il\u00e7esine her geldiklerinde Turistik Park Kafe ve Restoran\u2019\u0131 tercih ettiklerini belirten Mehmet Aslan, &#8220;Didim\u2019den Efeler\u2019e doktora geliyoruz. Her doktora geldi\u011fimizde buraya mutlaka geliyoruz. Temiz, hizmet g\u00fczel, yemekleri g\u00fczel. \u00d6zlem Ba\u015fkan\u0131m\u0131za te\u015fekk\u00fcr ederiz&#8221; dedi.<\/p>\n<p>Turistik Park Kafe ve Restoran\u2019daki hizmetten \u00e7ok memnun oldu\u011funu dile getiren Ahmet Feyzi \u00d6zayd\u0131nl\u0131, &#8220;Temizlik ve bu feraset hi\u00e7bir yerde yok. Ayd\u0131n B\u00fcy\u00fck\u015fehir Belediyemize ve Ba\u015fkan\u0131m\u0131za \u00e7ok te\u015fekk\u00fcr ediyorum&#8221; diye konu\u015ftu.<\/p>\n<p>&#8220;G\u00f6n\u00fcl rahatl\u0131\u011f\u0131 ile geliyoruz&#8221;<br \/>\n<br \/>Misafirlerini s\u00fcrekli Turistik Park Kafe ve Restoran\u2019a getirdi\u011fini s\u00f6yleyen Necati Dolmac\u0131, &#8220;\u00dcr\u00fcnler Halk Ege Et\u2019ten geliyor. Herkes g\u00f6n\u00fcl rahatl\u0131\u011f\u0131 ile yiyor. \u00c7al\u0131\u015fanlar \u00e7ok g\u00fcler y\u00fczl\u00fc, bizlerle \u00e7ok g\u00fczel ilgileniyorlar. Ayd\u0131nl\u0131 olarak buraya destek vermemiz ve kalk\u0131nd\u0131rmam\u0131z laz\u0131m&#8221; ifadelerini kulland\u0131.<\/p>\n<p>Fiyatlar\u0131n \u00e7ok uygun oldu\u011funu belirten Aysu Anda\u00e7gil, &#8220;Hizmet \u00e7ok g\u00fczel, \u00e7ok be\u011fendik, yemekleri \u00e7ok g\u00fczel, fiyatlar \u00e7ok uygun. \u00d6zlem Ba\u015fkana te\u015fekk\u00fcr ederiz&#8221; dedi.<\/p>\n<p>Ba\u015fkan \u00c7er\u00e7io\u011flu\u2019na te\u015fekk\u00fcr eden \u015e\u00fckriye Kusuvo\u011flu, &#8220;\u00c7ok memnunuz. Fiyatlar \u00e7ok uygun, hizmet \u00e7ok g\u00fczel, yemekler de sa\u011fl\u0131kl\u0131. \u00c7al\u0131\u015fanlar bizimle \u00e7ok iyi ilgileniyor. Kendim d\u0131\u015f\u0131nda e\u015f dostu da getiriyorum&#8221; diye konu\u015ftu.<\/p>\n<p>Kaliteli ve g\u00fcvenilir hizmet anlay\u0131\u015f\u0131yla \u00e7al\u0131\u015fmalar\u0131n devam edece\u011fini belirten Ayd\u0131n B\u00fcy\u00fck\u015fehir Belediye Ba\u015fkan\u0131 \u00d6zlem \u00c7er\u00e7io\u011flu, &#8220;Ayd\u0131n\u0131m\u0131z\u0131n d\u00f6rt bir yan\u0131nda hizmet veren sosyal tesislerimizde vatanda\u015flar\u0131m\u0131za kaliteli, g\u00fcvenilir ve ekonomik \u00fcr\u00fcnler sunmay\u0131 s\u00fcrd\u00fcr\u00fcyoruz. T\u00fcm i\u015fletmelerimizde hem hijyeni hem de vatanda\u015f memnuniyetini en \u00fcst seviyede tutuyoruz. Hem\u015fehrilerimizin rahat\u00e7a vakit ge\u00e7irebilece\u011fi, g\u00f6n\u00fcl rahatl\u0131\u011f\u0131yla hizmet alabilece\u011fi i\u015fletmeleri kentimize kazand\u0131rmaya devam edecek, vatanda\u015flar\u0131m\u0131z\u0131 hizmetlerimiz ile bulu\u015fturmay\u0131 s\u00fcrd\u00fcrece\u011fiz&#8221; ifadelerini kulland\u0131.<br \/><\/p>\n","protected":false},"excerpt":{"rendered":"<p>Ayd\u0131n B\u00fcy\u00fck\u015fehir Belediyesi Turistik Park Kafe ve Restoran, hijyenik ve kaliteli hizmet anlay\u0131\u015f\u0131yla uygun fiyatl\u0131 \u00fcr\u00fcnleri vatanda\u015flarla bulu\u015fturmaya devam ederken Belediye Ba\u015fkan\u0131 \u00d6zlem \u00c7er\u00e7io\u011flu, &#8220;Vatanda\u015flar\u0131m\u0131z\u0131 kaliteli hizmetle bulu\u015fturmaya devam edece\u011fiz&#8221; dedi. Ayd\u0131n B\u00fcy\u00fck\u015fehir Belediyesi taraf\u0131ndan i\u015fletilen Turistik Park Kafe ve Restoran, ba\u015fta emekliler olmak \u00fczere her ya\u015ftan vatanda\u015f\u0131n u\u011frak noktas\u0131 olmaya devam ediyor. Uzun y\u0131llard\u0131r&#8230;<\/p>\n","protected":false},"author":1,"featured_media":72144,"comment_status":"open","ping_status":"open","sticky":false,"template":"","format":"standard","meta":{"_crdt_document":"","footnotes":""},"categories":[1],"tags":[],"class_list":["post-72143","post","type-post","status-publish","format-standard","has-post-thumbnail","hentry","category-guncel"],"_links":{"self":[{"href":"https:\/\/www.egemtv.com\/index.php?rest_route=\/wp\/v2\/posts\/72143","targetHints":{"allow":["GET"]}}],"collection":[{"href":"https:\/\/www.egemtv.com\/index.php?rest_route=\/wp\/v2\/posts"}],"about":[{"href":"https:\/\/www.egemtv.com\/index.php?rest_route=\/wp\/v2\/types\/post"}],"author":[{"embeddable":true,"href":"https:\/\/www.egemtv.com\/index.php?rest_route=\/wp\/v2\/users\/1"}],"replies":[{"embeddable":true,"href":"https:\/\/www.egemtv.com\/index.php?rest_route=%2Fwp%2Fv2%2Fcomments&post=72143"}],"version-history":[{"count":1,"href":"https:\/\/www.egemtv.com\/index.php?rest_route=\/wp\/v2\/posts\/72143\/revisions"}],"predecessor-version":[{"id":72145,"href":"https:\/\/www.egemtv.com\/index.php?rest_route=\/wp\/v2\/posts\/72143\/revisions\/72145"}],"wp:featuredmedia":[{"embeddable":true,"href":"https:\/\/www.egemtv.com\/index.php?rest_route=\/wp\/v2\/media\/72144"}],"wp:attachment":[{"href":"https:\/\/www.egemtv.com\/index.php?rest_route=%2Fwp%2Fv2%2Fmedia&parent=72143"}],"wp:term":[{"taxonomy":"category","embeddable":true,"href":"https:\/\/www.egemtv.com\/index.php?rest_route=%2Fwp%2Fv2%2Fcategories&post=72143"},{"taxonomy":"post_tag","embeddable":true,"href":"https:\/\/www.egemtv.com\/index.php?rest_route=%2Fwp%2Fv2%2Ftags&post=72143"}],"curies":[{"name":"wp","href":"https:\/\/api.w.org\/{rel}","templated":true}]}}