{"id":72140,"date":"2025-12-05T10:35:50","date_gmt":"2025-12-05T07:35:50","guid":{"rendered":"https:\/\/www.egemtv.com\/?p=72140"},"modified":"2025-12-05T10:35:51","modified_gmt":"2025-12-05T07:35:51","slug":"mehteranda-kosu-dusmana-vurur-gibi-vuran-genc-sosyal-medyayi-salladi","status":"publish","type":"post","link":"https:\/\/www.egemtv.com\/?p=72140","title":{"rendered":"Mehteranda k\u00f6s\u00fc d\u00fc\u015fmana vurur gibi vuran gen\u00e7 sosyal medyay\u0131 sallad\u0131"},"content":{"rendered":"<p>Isparta\u2019da bir mehteranda k\u00f6s \u00e7alarken sergiledi\u011fi g\u00fc\u00e7l\u00fc performans\u0131yla dikkat \u00e7eken 18 ya\u015f\u0131ndaki \u00fcniversite \u00f6\u011frencisinin g\u00f6r\u00fcnt\u00fcleri k\u0131sa s\u00fcrede sosyal medyada viral oldu. K\u00f6s \u00e7alarken hissetti\u011fi duygular\u0131 anlatan \u00f6\u011frenci, &#8220;Osmanl\u0131\u2019n\u0131n meydanlarda hissettirdi\u011fi korkuyu insanlara ya\u015fatmak istedim. K\u00f6s\u00fc \u00e7alarken adeta d\u00fc\u015fmana vurur gibi vuruyorum&#8221; dedi. Sosyal medyada b\u00fcy\u00fck ilgi g\u00f6ren bu performans\u0131n ard\u0131ndan Kalayc\u0131, TRT\u2019de yay\u0131nlanan bir dizinin mehter sahnesinde de rol ald\u0131.<br \/>\n<br \/>Isparta\u2019da Uygulamal\u0131 Bilimler \u00dcniversitesi Silah Sanayi Teknikerli\u011fi B\u00f6l\u00fcm\u00fc 1\u2019inci s\u0131n\u0131f \u00f6\u011frencisi Mehmet M\u00fccteba K\u00fcr\u015fad Kalayc\u0131\u2019n\u0131n mehteranda k\u00f6s \u00e7ald\u0131\u011f\u0131 anlara ait g\u00f6r\u00fcnt\u00fcler sosyal medyada b\u00fcy\u00fck ilgi g\u00f6rd\u00fc. Ge\u00e7en y\u0131l S\u00fcleyman Demirel \u00dcniversitesi (SD\u00dc) \u0130lahiyat Fak\u00fcltesi mezuniyet t\u00f6reninde annesi Hilal Kalayc\u0131\u2019n\u0131n ba\u015fkanl\u0131\u011f\u0131n\u0131 yapt\u0131\u011f\u0131 O\u011fuzlar Mehteran Tak\u0131m\u0131 ile sahne alan Kalayc\u0131\u2019n\u0131n, tokmakla k\u00f6s\u00fc \u00e7alarken sergiledi\u011fi g\u00fc\u00e7l\u00fc hareketler yeniden g\u00fcndeme geldi. Anne Kalayc\u0131 taraf\u0131ndan \u00e7ekilen ve son g\u00fcnlerde tekrar payla\u015f\u0131lan video, k\u0131sa s\u00fcrede viral olurken binlerce be\u011feni ve yorum ald\u0131.<\/p>\n<p>Ecdat miras\u0131n\u0131 s\u00fcrd\u00fcrmek i\u00e7in kendi mehter ekibini kurdu<br \/>\n<br \/>Isparta\u2019da ya\u015fayan Mehmet M\u00fccteba K\u00fcr\u015fad Kalayc\u0131, &#8220;Ben Isparta G\u00fczel Sanatlar Lisesi mezunuyum. \u015eu anda Isparta Uygulamal\u0131 Bilimler \u00dcniversitesi Silah Sanayi Teknikerli\u011fi b\u00f6l\u00fcm\u00fcnde okuyorum. Bunun d\u0131\u015f\u0131nda m\u00fczisyenim ve aktif olarak m\u00fczikle u\u011fra\u015f\u0131yorum. Ayn\u0131 zamanda Osmanl\u0131 ve ecdad\u0131m\u0131za dayanan mehter k\u00fclt\u00fcr\u00fcn\u00fc geli\u015ftirmeye ve daha farkl\u0131 bir seviyeye ta\u015f\u0131maya \u00e7al\u0131\u015f\u0131yorum. Mehterle 4 ya\u015f\u0131ndayken kre\u015fte tan\u0131\u015ft\u0131m. Mezuniyet dolay\u0131s\u0131yla orada \u00e7alm\u0131\u015ft\u0131k ve o d\u00f6nem mehter daha pop\u00fclerdi. Benim i\u00e7in h\u00e2l\u00e2 \u00f6yle. O g\u00fcnden sonra da bu k\u00fclt\u00fcr\u00fc s\u00fcrd\u00fcrd\u00fcm. Bu y\u0131l ekibimizle 5. y\u0131l\u0131m\u0131z\u0131 dolduraca\u011f\u0131z. Kendi ekibimizi kurduk ve onlardan \u00e7ok memnunum, onlarla mutluyum&#8221; dedi.<\/p>\n<p>Viral olan g\u00f6r\u00fcnt\u00fcs\u00fcne gelen destekler gen\u00e7 k\u00f6s\u00e7\u00fcy\u00fc gururland\u0131rd\u0131<br \/>\n<br \/>Ge\u00e7ti\u011fimiz g\u00fcnlerde sosyal medyada viral olan g\u00f6r\u00fcnt\u00fcs\u00fcyle ilgili olarak halka ve g\u00fczel yorumlar\u0131yla destek veren herkese te\u015fekk\u00fcr eden Kalayc\u0131, &#8220;Onlar sayesinde bug\u00fcnlere geldik. Yetene\u011fimin bir g\u00fcn geri d\u00f6nece\u011fini biliyordum; zaman\u0131n\u0131 bilmemek daha da heyecan verici oluyor ve bizim i\u00e7in b\u00fcy\u00fck gurur. \u015eu anda sosyal medyada mesaj kutular\u0131m dolmu\u015f durumda; hepsine tek tek cevap vermeye \u00e7al\u0131\u015f\u0131yorum. Cevap veremedi\u011fim varsa da hepsinden \u00f6z\u00fcr diliyorum&#8221; dedi.<\/p>\n<p>K\u00f6s\u00fc \u2018D\u00fc\u015fmana vurur gibi\u2019 vurdu\u011funu s\u00f6yleyen gen\u00e7 mehteran duyguyu sahneye ta\u015f\u0131yor<br \/>\n<br \/>Asl\u0131nda \u00fclkemize a\u015f\u0131lamak ve hissettirmek istedi\u011fi duygunun Osmanl\u0131\u2019n\u0131n sava\u015f meydanlar\u0131nda olu\u015fturdu\u011fu o \u2018korku\u2019 hissi oldu\u011funu belirten Kalayc\u0131, &#8220;Osmanl\u0131 mehter y\u00fcr\u00fcd\u00fc\u011f\u00fcnde yerler titrermi\u015f, d\u00fc\u015fman neye u\u011frad\u0131\u011f\u0131n\u0131 \u015fa\u015f\u0131r\u0131rm\u0131\u015f. Biz bug\u00fcn 25 ki\u015filik bir ekibiz; bunun 600-700 ki\u015filik halini d\u00fc\u015f\u00fcn\u00fcn, ger\u00e7ekten etkileyici olur. Bu duyguyu ya\u015fatabiliyorsak ne mutlu bize. Mehter \u00e7alarken ald\u0131\u011f\u0131m duyguyu ruhumda hissedip harekete d\u00f6kt\u00fc\u011f\u00fcm bir sanat bu. K\u00f6s\u2019e vururken adeta d\u00fc\u015fmana vurur gibi vuruyorum. Halk\u0131m\u0131z\u0131n bunu fark edip yorumlar\u0131nda dile getirmesi de bizi \u00e7ok mutlu ediyor. Hepsine g\u00fczel s\u00f6zleri i\u00e7in tekrar te\u015fekk\u00fcr ediyorum&#8221; \u015feklinde konu\u015ftu.<\/p>\n<p>&#8220;En b\u00fcy\u00fck hayalim TSK mehter tak\u0131m\u0131nda g\u00f6rev almak&#8221;<br \/>\n<br \/>Gelecekte bando astsubay\u0131 olmay\u0131 d\u00fc\u015f\u00fcn\u00fcyorum. TSK Mehter Tak\u0131m\u0131\u2019nda ya da bando astsubayl\u0131\u011f\u0131 alan\u0131nda g\u00f6rev yapmak istiyorum. \u0130n\u015fallah nasip olursa vatan\u0131m\u0131za ve milletimize bu alanda hizmet etmek isterim. M\u00fczikle askerli\u011fi bir arada bulu\u015fturan bu meslekte g\u00f6rev almak en b\u00fcy\u00fck hayalim&#8221; dedi.<\/p>\n<p>\u0130lgi sonras\u0131 TRT dizisinde rol ald\u0131<br \/>\n<br \/>Ayr\u0131ca Mehmet M\u00fccteba K\u00fcr\u015fad Kalayc\u0131, sosyal medyada b\u00fcy\u00fck ilgi g\u00f6ren mehter performans\u0131n\u0131n ard\u0131ndan TRT 1\u2019de yay\u0131nlanan &#8220;Mehmed: Fetihler Sultan\u0131&#8221; dizisinin mehter sahnesinde rol ald\u0131.<\/p>\n","protected":false},"excerpt":{"rendered":"<p>Isparta\u2019da bir mehteranda k\u00f6s \u00e7alarken sergiledi\u011fi g\u00fc\u00e7l\u00fc performans\u0131yla dikkat \u00e7eken 18 ya\u015f\u0131ndaki \u00fcniversite \u00f6\u011frencisinin g\u00f6r\u00fcnt\u00fcleri k\u0131sa s\u00fcrede sosyal medyada viral oldu. K\u00f6s \u00e7alarken hissetti\u011fi duygular\u0131 anlatan \u00f6\u011frenci, &#8220;Osmanl\u0131\u2019n\u0131n meydanlarda hissettirdi\u011fi korkuyu insanlara ya\u015fatmak istedim. K\u00f6s\u00fc \u00e7alarken adeta d\u00fc\u015fmana vurur gibi vuruyorum&#8221; dedi. Sosyal medyada b\u00fcy\u00fck ilgi g\u00f6ren bu performans\u0131n ard\u0131ndan Kalayc\u0131, TRT\u2019de yay\u0131nlanan bir dizinin&#8230;<\/p>\n","protected":false},"author":1,"featured_media":72141,"comment_status":"open","ping_status":"open","sticky":false,"template":"","format":"standard","meta":{"_crdt_document":"","footnotes":""},"categories":[1],"tags":[],"class_list":["post-72140","post","type-post","status-publish","format-standard","has-post-thumbnail","hentry","category-guncel"],"_links":{"self":[{"href":"https:\/\/www.egemtv.com\/index.php?rest_route=\/wp\/v2\/posts\/72140","targetHints":{"allow":["GET"]}}],"collection":[{"href":"https:\/\/www.egemtv.com\/index.php?rest_route=\/wp\/v2\/posts"}],"about":[{"href":"https:\/\/www.egemtv.com\/index.php?rest_route=\/wp\/v2\/types\/post"}],"author":[{"embeddable":true,"href":"https:\/\/www.egemtv.com\/index.php?rest_route=\/wp\/v2\/users\/1"}],"replies":[{"embeddable":true,"href":"https:\/\/www.egemtv.com\/index.php?rest_route=%2Fwp%2Fv2%2Fcomments&post=72140"}],"version-history":[{"count":1,"href":"https:\/\/www.egemtv.com\/index.php?rest_route=\/wp\/v2\/posts\/72140\/revisions"}],"predecessor-version":[{"id":72142,"href":"https:\/\/www.egemtv.com\/index.php?rest_route=\/wp\/v2\/posts\/72140\/revisions\/72142"}],"wp:featuredmedia":[{"embeddable":true,"href":"https:\/\/www.egemtv.com\/index.php?rest_route=\/wp\/v2\/media\/72141"}],"wp:attachment":[{"href":"https:\/\/www.egemtv.com\/index.php?rest_route=%2Fwp%2Fv2%2Fmedia&parent=72140"}],"wp:term":[{"taxonomy":"category","embeddable":true,"href":"https:\/\/www.egemtv.com\/index.php?rest_route=%2Fwp%2Fv2%2Fcategories&post=72140"},{"taxonomy":"post_tag","embeddable":true,"href":"https:\/\/www.egemtv.com\/index.php?rest_route=%2Fwp%2Fv2%2Ftags&post=72140"}],"curies":[{"name":"wp","href":"https:\/\/api.w.org\/{rel}","templated":true}]}}