{"id":72137,"date":"2025-12-05T10:14:57","date_gmt":"2025-12-05T07:14:57","guid":{"rendered":"https:\/\/www.egemtv.com\/?p=72137"},"modified":"2025-12-05T10:14:59","modified_gmt":"2025-12-05T07:14:59","slug":"inat-etti-70-rakimda-muz-hasadi-yapti","status":"publish","type":"post","link":"https:\/\/www.egemtv.com\/?p=72137","title":{"rendered":"\u0130nat etti, 70 rak\u0131mda muz hasad\u0131 yapt\u0131"},"content":{"rendered":"<p>DEN\u0130ZL\u0130 (\u0130HA) \u2013 Denizli\u2019de Buldan il\u00e7esinin en y\u00fcksek rak\u0131ml\u0131 b\u00f6lgelerinden birisi olan Helvac\u0131lar Mahallesi\u2019nde muz yeti\u015ftirmeyi ba\u015faran Hasan Esen, ilk hasad\u0131 yapman\u0131n mutlulu\u011funu ya\u015fad\u0131.<\/p>\n<p>Al\u0131\u015f\u0131lm\u0131\u015f\u0131n d\u0131\u015f\u0131nda ger\u00e7ekle\u015fen ve yakla\u015f\u0131k 700 rak\u0131ml\u0131 b\u00f6lgede bulunan evinin \u00f6n\u00fcne Ku\u015fadas\u0131\u2019ndan getirdi\u011fi muz fidan\u0131n\u0131 iki y\u0131l \u00f6nce dikti\u011fini ifade eden dokuma ustas\u0131 Hasan Esen, &#8220;Asker arkada\u015f\u0131m fidan\u0131 getirmi\u015fti. Evimin \u00f6n\u00fcne diktim. Bol su ve koyun g\u00fcbresi verdim. G\u00fcnden g\u00fcne b\u00fcy\u00fcd\u00fc ve evimin boyunu ge\u00e7ti. G\u00f6renler muzun Buldan\u2019da yeti\u015fmeyece\u011fini s\u00f6ylemi\u015flerdi. Ama ben ve ailem onu sevgimizle b\u00fcy\u00fctt\u00fck. K\u0131\u015f aylar\u0131nda fidan\u0131 naylona sararak s\u0131cak durmas\u0131n\u0131 sa\u011flad\u0131k. \u0130mkans\u0131z\u0131 ba\u015fard\u0131\u011f\u0131m i\u00e7in mutluyum, gururluyum&#8221; dedi.<br \/><\/p>\n","protected":false},"excerpt":{"rendered":"<p>DEN\u0130ZL\u0130 (\u0130HA) \u2013 Denizli\u2019de Buldan il\u00e7esinin en y\u00fcksek rak\u0131ml\u0131 b\u00f6lgelerinden birisi olan Helvac\u0131lar Mahallesi\u2019nde muz yeti\u015ftirmeyi ba\u015faran Hasan Esen, ilk hasad\u0131 yapman\u0131n mutlulu\u011funu ya\u015fad\u0131. Al\u0131\u015f\u0131lm\u0131\u015f\u0131n d\u0131\u015f\u0131nda ger\u00e7ekle\u015fen ve yakla\u015f\u0131k 700 rak\u0131ml\u0131 b\u00f6lgede bulunan evinin \u00f6n\u00fcne Ku\u015fadas\u0131\u2019ndan getirdi\u011fi muz fidan\u0131n\u0131 iki y\u0131l \u00f6nce dikti\u011fini ifade eden dokuma ustas\u0131 Hasan Esen, &#8220;Asker arkada\u015f\u0131m fidan\u0131 getirmi\u015fti. Evimin \u00f6n\u00fcne&#8230;<\/p>\n","protected":false},"author":1,"featured_media":72138,"comment_status":"open","ping_status":"open","sticky":false,"template":"","format":"standard","meta":{"_crdt_document":"","footnotes":""},"categories":[125],"tags":[],"class_list":["post-72137","post","type-post","status-publish","format-standard","has-post-thumbnail","hentry","category-ekonomi"],"_links":{"self":[{"href":"https:\/\/www.egemtv.com\/index.php?rest_route=\/wp\/v2\/posts\/72137","targetHints":{"allow":["GET"]}}],"collection":[{"href":"https:\/\/www.egemtv.com\/index.php?rest_route=\/wp\/v2\/posts"}],"about":[{"href":"https:\/\/www.egemtv.com\/index.php?rest_route=\/wp\/v2\/types\/post"}],"author":[{"embeddable":true,"href":"https:\/\/www.egemtv.com\/index.php?rest_route=\/wp\/v2\/users\/1"}],"replies":[{"embeddable":true,"href":"https:\/\/www.egemtv.com\/index.php?rest_route=%2Fwp%2Fv2%2Fcomments&post=72137"}],"version-history":[{"count":1,"href":"https:\/\/www.egemtv.com\/index.php?rest_route=\/wp\/v2\/posts\/72137\/revisions"}],"predecessor-version":[{"id":72139,"href":"https:\/\/www.egemtv.com\/index.php?rest_route=\/wp\/v2\/posts\/72137\/revisions\/72139"}],"wp:featuredmedia":[{"embeddable":true,"href":"https:\/\/www.egemtv.com\/index.php?rest_route=\/wp\/v2\/media\/72138"}],"wp:attachment":[{"href":"https:\/\/www.egemtv.com\/index.php?rest_route=%2Fwp%2Fv2%2Fmedia&parent=72137"}],"wp:term":[{"taxonomy":"category","embeddable":true,"href":"https:\/\/www.egemtv.com\/index.php?rest_route=%2Fwp%2Fv2%2Fcategories&post=72137"},{"taxonomy":"post_tag","embeddable":true,"href":"https:\/\/www.egemtv.com\/index.php?rest_route=%2Fwp%2Fv2%2Ftags&post=72137"}],"curies":[{"name":"wp","href":"https:\/\/api.w.org\/{rel}","templated":true}]}}