{"id":72134,"date":"2025-12-05T10:14:56","date_gmt":"2025-12-05T07:14:56","guid":{"rendered":"https:\/\/www.egemtv.com\/?p=72134"},"modified":"2025-12-05T10:14:57","modified_gmt":"2025-12-05T07:14:57","slug":"vali-isin-sahipsiz-hayvanlarin-korunmasi-medeniyet-meselesidir","status":"publish","type":"post","link":"https:\/\/www.egemtv.com\/?p=72134","title":{"rendered":"Vali I\u015f\u0131n: &#8220;Sahipsiz hayvanlar\u0131n korunmas\u0131 medeniyet meselesidir&#8221;"},"content":{"rendered":"<p>K\u00fctahya Sahipsiz Hayvanlar\u0131 Koruma Birli\u011fi Meclis Toplant\u0131s\u0131, K\u00fctahya Valisi Musa I\u015f\u0131n\u2019\u0131n ba\u015fkanl\u0131\u011f\u0131nda, il protokol\u00fc ve meclis \u00fcyelerinin kat\u0131l\u0131m\u0131yla yap\u0131ld\u0131.<br \/>\n<br \/>Toplant\u0131da, 2026 y\u0131l\u0131 ile m\u00fcteakip 2027 ve 2028 y\u0131llar\u0131na ait birlik b\u00fct\u00e7esi, gelir-gider kalemleri ve sahipsiz hayvanlar\u0131n korunmas\u0131na y\u00f6nelik \u00e7al\u0131\u015fmalar ele al\u0131nd\u0131. Toplant\u0131da konu\u015fan Vali Musa I\u015f\u0131n, hayvan haklar\u0131n\u0131n korunmas\u0131n\u0131n yaln\u0131zca idari bir sorumluluk olmad\u0131\u011f\u0131n\u0131 vurgulayarak, &#8220;Sahipsiz hayvanlar\u0131n korunmas\u0131, yaln\u0131zca kanunlar\u0131n emretti\u011fi bir g\u00f6rev de\u011fildir; bu bir medeniyet meselesidir. Bu topraklarda ya\u015fayan her can bizim emanettir. Hem hukuki y\u00fck\u00fcml\u00fcl\u00fcklerimizi hem de vicdani sorumlulu\u011fumuzu hakk\u0131yla yerine getirmek zorunday\u0131z. Belediyelerimiz ve kurumlar\u0131m\u0131zla birlikte K\u00fctahya\u2019da sahipsiz hayvanlar\u0131n ya\u015fam \u015fartlar\u0131n\u0131 iyile\u015ftirmeye kararl\u0131 bir \u015fekilde devam edece\u011fiz&#8221; ifadelerini kulland\u0131.<br \/>\n<br \/>Toplant\u0131da ayr\u0131ca, Resm\u00ee Gazete\u2019de yay\u0131mlanan 5199 Say\u0131l\u0131 Hayvanlar\u0131 Koruma Kanunu\u2019ndaki de\u011fi\u015fikliklere uyum sa\u011flamak \u00fczere birlik t\u00fcz\u00fc\u011f\u00fcn\u00fcn g\u00fcncellenmesi, birlik \u00fcyesi kurumlar\u0131n kat\u0131l\u0131m paylar\u0131 ve taksitlendirme esaslar\u0131n\u0131n belirlenmesi ile 2026 y\u0131l\u0131 birlik \u00fccret tarifelerinin d\u00fczenlenmesi g\u00f6r\u00fc\u015f\u00fcld\u00fc.<br \/>\n<br \/>Birlik tesislerinde kullan\u0131lmak \u00fczere ara\u00e7, malzeme ve ekipman al\u0131mlar\u0131nda Bakanl\u0131k te\u015fviklerinden yararlan\u0131lmas\u0131 i\u00e7in birlik ba\u015fkan\u0131na yetki verilmesi, personel g\u00f6revlendirmelerinde yol giderlerinin mevzuata uygun olarak kar\u015f\u0131lanmas\u0131 ve birlik faaliyetlerine y\u00f6nelik mal-hizmet al\u0131m planlamalar\u0131 da karara ba\u011fland\u0131.<br \/>\n<br \/>Bir di\u011fer konu ise, K\u00fctahya \u0130l \u00d6zel \u0130daresi ile K\u00fctahya Belediyesi aras\u0131nda imzalanan protokol\u00fcn yeniden d\u00fczenlenmesi, norm kadro \u00e7al\u0131\u015fmalar\u0131 ve Gediz Belediyesi taraf\u0131ndan birli\u011fe sunulan talep yaz\u0131s\u0131 da de\u011ferlendirilerek g\u00fcndem maddeleri karara ba\u011fland\u0131.<br \/>\n<br \/>Toplant\u0131, dilek ve temennilerin ard\u0131ndan sona erdi.<br \/><\/p>\n","protected":false},"excerpt":{"rendered":"<p>K\u00fctahya Sahipsiz Hayvanlar\u0131 Koruma Birli\u011fi Meclis Toplant\u0131s\u0131, K\u00fctahya Valisi Musa I\u015f\u0131n\u2019\u0131n ba\u015fkanl\u0131\u011f\u0131nda, il protokol\u00fc ve meclis \u00fcyelerinin kat\u0131l\u0131m\u0131yla yap\u0131ld\u0131. Toplant\u0131da, 2026 y\u0131l\u0131 ile m\u00fcteakip 2027 ve 2028 y\u0131llar\u0131na ait birlik b\u00fct\u00e7esi, gelir-gider kalemleri ve sahipsiz hayvanlar\u0131n korunmas\u0131na y\u00f6nelik \u00e7al\u0131\u015fmalar ele al\u0131nd\u0131. Toplant\u0131da konu\u015fan Vali Musa I\u015f\u0131n, hayvan haklar\u0131n\u0131n korunmas\u0131n\u0131n yaln\u0131zca idari bir sorumluluk olmad\u0131\u011f\u0131n\u0131 vurgulayarak,&#8230;<\/p>\n","protected":false},"author":1,"featured_media":72135,"comment_status":"open","ping_status":"open","sticky":false,"template":"","format":"standard","meta":{"_crdt_document":"","footnotes":""},"categories":[1],"tags":[],"class_list":["post-72134","post","type-post","status-publish","format-standard","has-post-thumbnail","hentry","category-guncel"],"_links":{"self":[{"href":"https:\/\/www.egemtv.com\/index.php?rest_route=\/wp\/v2\/posts\/72134","targetHints":{"allow":["GET"]}}],"collection":[{"href":"https:\/\/www.egemtv.com\/index.php?rest_route=\/wp\/v2\/posts"}],"about":[{"href":"https:\/\/www.egemtv.com\/index.php?rest_route=\/wp\/v2\/types\/post"}],"author":[{"embeddable":true,"href":"https:\/\/www.egemtv.com\/index.php?rest_route=\/wp\/v2\/users\/1"}],"replies":[{"embeddable":true,"href":"https:\/\/www.egemtv.com\/index.php?rest_route=%2Fwp%2Fv2%2Fcomments&post=72134"}],"version-history":[{"count":1,"href":"https:\/\/www.egemtv.com\/index.php?rest_route=\/wp\/v2\/posts\/72134\/revisions"}],"predecessor-version":[{"id":72136,"href":"https:\/\/www.egemtv.com\/index.php?rest_route=\/wp\/v2\/posts\/72134\/revisions\/72136"}],"wp:featuredmedia":[{"embeddable":true,"href":"https:\/\/www.egemtv.com\/index.php?rest_route=\/wp\/v2\/media\/72135"}],"wp:attachment":[{"href":"https:\/\/www.egemtv.com\/index.php?rest_route=%2Fwp%2Fv2%2Fmedia&parent=72134"}],"wp:term":[{"taxonomy":"category","embeddable":true,"href":"https:\/\/www.egemtv.com\/index.php?rest_route=%2Fwp%2Fv2%2Fcategories&post=72134"},{"taxonomy":"post_tag","embeddable":true,"href":"https:\/\/www.egemtv.com\/index.php?rest_route=%2Fwp%2Fv2%2Ftags&post=72134"}],"curies":[{"name":"wp","href":"https:\/\/api.w.org\/{rel}","templated":true}]}}