{"id":72131,"date":"2025-12-05T10:14:56","date_gmt":"2025-12-05T07:14:56","guid":{"rendered":"https:\/\/www.egemtv.com\/?p=72131"},"modified":"2025-12-05T10:14:56","modified_gmt":"2025-12-05T07:14:56","slug":"sokede-10-bin-dekarlik-alana-aycicegi-tohumu-dagitilacak","status":"publish","type":"post","link":"https:\/\/www.egemtv.com\/?p=72131","title":{"rendered":"S\u00f6ke\u2019de 10 bin dekarl\u0131k alana ay\u00e7i\u00e7e\u011fi tohumu da\u011f\u0131t\u0131lacak"},"content":{"rendered":"<p>S\u00f6ke \u0130l\u00e7e Tar\u0131m ve Orman M\u00fcd\u00fcrl\u00fc\u011f\u00fc, 2026 \u00fcretim sezonunda kullan\u0131lmak \u00fczere 10 bin dekar alana ekilmek i\u00e7in haz\u0131rlanan 7 bin kilogram hibrit ya\u011fl\u0131k ay\u00e7i\u00e7e\u011fi tohumu projesini Ayd\u0131n \u0130l Tar\u0131m M\u00fcd\u00fcrl\u00fc\u011f\u00fc\u2019ne g\u00f6nderdi.<br \/>\n<br \/>S\u00f6ke \u0130l\u00e7e Tar\u0131m ve Orman M\u00fcd\u00fcrl\u00fc\u011f\u00fc, 2026 \u00fcretim sezonunda ekilmek \u00fczere Tar\u0131m Arazilerinin Kullan\u0131m\u0131n\u0131n Etkinle\u015ftirilmesi (TAKE) projesi kapsam\u0131nda \u00f6nemli bir \u00e7al\u0131\u015fmaya imza att\u0131. Proje kapsam\u0131nda, 10 bin dekar alanda ekim yap\u0131lmas\u0131 i\u00e7in 7 bin kilogram hibrit ya\u011fl\u0131k ay\u00e7i\u00e7e\u011fi tohumu da\u011f\u0131t\u0131m\u0131na ili\u015fkin proje haz\u0131rlanarak gerekli i\u015flemler i\u00e7in Ayd\u0131n \u0130l Tar\u0131m ve Orman M\u00fcd\u00fcrl\u00fc\u011f\u00fc\u2019ne g\u00f6nderildi. TAKE projesiyle tar\u0131m arazilerinin verimli kullan\u0131m\u0131n\u0131 art\u0131rmak, \u00fcreticiyi desteklemek ve ya\u011fl\u0131 tohum \u00fcretimini g\u00fc\u00e7lendirmek hedeflenirken, ayn\u0131 zamanda haz\u0131rlanan proje ile hem ekim alanlar\u0131n\u0131n geni\u015fletilmesi hem de b\u00f6lge \u00e7ift\u00e7isinin \u00fcretim maliyetlerinin azalt\u0131lmas\u0131 ama\u00e7lan\u0131yor.<br \/>\n<br \/>Projenin onaylanmas\u0131n\u0131n ard\u0131ndan tohum da\u011f\u0131t\u0131m s\u00fcrecinin h\u0131zl\u0131 bir \u015fekilde ba\u015flat\u0131laca\u011f\u0131n\u0131 belirten S\u00f6ke \u0130l\u00e7e Tar\u0131m ve Orman M\u00fcd\u00fcrl\u00fc\u011f\u00fc\u2019nden yap\u0131lan a\u00e7\u0131klamada &#8220;2026 \u00fcretim sezonunda ekilmek \u00fczere Tar\u0131m Arazilerinin Kullan\u0131m\u0131n\u0131n Etkinle\u015ftirilmesi (TAKE) projesi kapsam\u0131nda 10 bin dekar alana ekilmek \u00fczere 7 bin kilogram Hibrit Ya\u011fl\u0131k Ay\u00e7i\u00e7e\u011fi tohumu da\u011f\u0131t\u0131m projesi haz\u0131rlanarak gere\u011fi i\u00e7in Ayd\u0131n \u0130l Tar\u0131m M\u00fcd\u00fcrl\u00fc\u011f\u00fcm\u00fcze g\u00f6nderilmi\u015ftir&#8221; ifadeleri yer ald\u0131.<br \/><\/p>\n","protected":false},"excerpt":{"rendered":"<p>S\u00f6ke \u0130l\u00e7e Tar\u0131m ve Orman M\u00fcd\u00fcrl\u00fc\u011f\u00fc, 2026 \u00fcretim sezonunda kullan\u0131lmak \u00fczere 10 bin dekar alana ekilmek i\u00e7in haz\u0131rlanan 7 bin kilogram hibrit ya\u011fl\u0131k ay\u00e7i\u00e7e\u011fi tohumu projesini Ayd\u0131n \u0130l Tar\u0131m M\u00fcd\u00fcrl\u00fc\u011f\u00fc\u2019ne g\u00f6nderdi. S\u00f6ke \u0130l\u00e7e Tar\u0131m ve Orman M\u00fcd\u00fcrl\u00fc\u011f\u00fc, 2026 \u00fcretim sezonunda ekilmek \u00fczere Tar\u0131m Arazilerinin Kullan\u0131m\u0131n\u0131n Etkinle\u015ftirilmesi (TAKE) projesi kapsam\u0131nda \u00f6nemli bir \u00e7al\u0131\u015fmaya imza att\u0131. Proje&#8230;<\/p>\n","protected":false},"author":1,"featured_media":72132,"comment_status":"open","ping_status":"open","sticky":false,"template":"","format":"standard","meta":{"_crdt_document":"","footnotes":""},"categories":[1],"tags":[],"class_list":["post-72131","post","type-post","status-publish","format-standard","has-post-thumbnail","hentry","category-guncel"],"_links":{"self":[{"href":"https:\/\/www.egemtv.com\/index.php?rest_route=\/wp\/v2\/posts\/72131","targetHints":{"allow":["GET"]}}],"collection":[{"href":"https:\/\/www.egemtv.com\/index.php?rest_route=\/wp\/v2\/posts"}],"about":[{"href":"https:\/\/www.egemtv.com\/index.php?rest_route=\/wp\/v2\/types\/post"}],"author":[{"embeddable":true,"href":"https:\/\/www.egemtv.com\/index.php?rest_route=\/wp\/v2\/users\/1"}],"replies":[{"embeddable":true,"href":"https:\/\/www.egemtv.com\/index.php?rest_route=%2Fwp%2Fv2%2Fcomments&post=72131"}],"version-history":[{"count":1,"href":"https:\/\/www.egemtv.com\/index.php?rest_route=\/wp\/v2\/posts\/72131\/revisions"}],"predecessor-version":[{"id":72133,"href":"https:\/\/www.egemtv.com\/index.php?rest_route=\/wp\/v2\/posts\/72131\/revisions\/72133"}],"wp:featuredmedia":[{"embeddable":true,"href":"https:\/\/www.egemtv.com\/index.php?rest_route=\/wp\/v2\/media\/72132"}],"wp:attachment":[{"href":"https:\/\/www.egemtv.com\/index.php?rest_route=%2Fwp%2Fv2%2Fmedia&parent=72131"}],"wp:term":[{"taxonomy":"category","embeddable":true,"href":"https:\/\/www.egemtv.com\/index.php?rest_route=%2Fwp%2Fv2%2Fcategories&post=72131"},{"taxonomy":"post_tag","embeddable":true,"href":"https:\/\/www.egemtv.com\/index.php?rest_route=%2Fwp%2Fv2%2Ftags&post=72131"}],"curies":[{"name":"wp","href":"https:\/\/api.w.org\/{rel}","templated":true}]}}