{"id":72128,"date":"2025-12-05T10:14:54","date_gmt":"2025-12-05T07:14:54","guid":{"rendered":"https:\/\/www.egemtv.com\/?p=72128"},"modified":"2025-12-05T10:14:55","modified_gmt":"2025-12-05T07:14:55","slug":"fatih-ortaokulunda-nesilden-nesile-kulturel-miras-sunumu","status":"publish","type":"post","link":"https:\/\/www.egemtv.com\/?p=72128","title":{"rendered":"Fatih Ortaokulu\u2019nda &#8220;Nesilden Nesile K\u00fclt\u00fcrel Miras&#8221; sunumu"},"content":{"rendered":"<p>K\u00fctahya \u0130l K\u00fclt\u00fcr ve Turizm M\u00fcd\u00fcrl\u00fc\u011f\u00fc taraf\u0131ndan haz\u0131rlanan ve her hafta farkl\u0131 bir okulda ger\u00e7ekle\u015ftirilen &#8220;Nesilden Nesile K\u00fclt\u00fcrel Miras&#8221; projesi kapsam\u0131nda, Fatih Ortaokulu \u00f6\u011frencilerine \u015fehrin milli, manevi, k\u00fclt\u00fcrel ve tarihi de\u011ferlerini i\u00e7eren bir sunum yap\u0131ld\u0131.<br \/>\n<br \/>Proje kapsam\u0131nda gen\u00e7lerde T\u00fcrk k\u00fclt\u00fcr\u00fc ve tarih bilinci olu\u015fturulmas\u0131, milli ve manevi de\u011ferlere sahip bireyler yeti\u015ftirilmesi ama\u00e7lan\u0131yor. Fatih Ortaokulu\u2019nda d\u00fczenlenen etkinlikte \u00f6\u011frencilere K\u00fctahya\u2019n\u0131n k\u00fclt\u00fcrel miras\u0131, tarihi yap\u0131lar\u0131 ve kadim gelenekleri hakk\u0131nda bilgiler aktar\u0131ld\u0131.<br \/>\n<br \/>K\u00fctahya \u0130l K\u00fclt\u00fcr ve Turizm M\u00fcd\u00fcr Zekeriya \u00dcnal, kendilerini a\u011f\u0131rlayan okul y\u00f6netimine, \u00f6\u011fretmenlere ve \u00f6\u011frencilere te\u015fekk\u00fcr etti.<br \/>\n<br \/>Etkinlik, K\u00fctahya Valili\u011fi koordinasyonunda, \u0130l K\u00fclt\u00fcr ve Turizm M\u00fcd\u00fcrl\u00fc\u011f\u00fc taraf\u0131ndan y\u00fcr\u00fct\u00fcl\u00fcyor.<br \/><\/p>\n","protected":false},"excerpt":{"rendered":"<p>K\u00fctahya \u0130l K\u00fclt\u00fcr ve Turizm M\u00fcd\u00fcrl\u00fc\u011f\u00fc taraf\u0131ndan haz\u0131rlanan ve her hafta farkl\u0131 bir okulda ger\u00e7ekle\u015ftirilen &#8220;Nesilden Nesile K\u00fclt\u00fcrel Miras&#8221; projesi kapsam\u0131nda, Fatih Ortaokulu \u00f6\u011frencilerine \u015fehrin milli, manevi, k\u00fclt\u00fcrel ve tarihi de\u011ferlerini i\u00e7eren bir sunum yap\u0131ld\u0131. Proje kapsam\u0131nda gen\u00e7lerde T\u00fcrk k\u00fclt\u00fcr\u00fc ve tarih bilinci olu\u015fturulmas\u0131, milli ve manevi de\u011ferlere sahip bireyler yeti\u015ftirilmesi ama\u00e7lan\u0131yor. Fatih Ortaokulu\u2019nda d\u00fczenlenen&#8230;<\/p>\n","protected":false},"author":1,"featured_media":72129,"comment_status":"open","ping_status":"open","sticky":false,"template":"","format":"standard","meta":{"_crdt_document":"","footnotes":""},"categories":[1],"tags":[],"class_list":["post-72128","post","type-post","status-publish","format-standard","has-post-thumbnail","hentry","category-guncel"],"_links":{"self":[{"href":"https:\/\/www.egemtv.com\/index.php?rest_route=\/wp\/v2\/posts\/72128","targetHints":{"allow":["GET"]}}],"collection":[{"href":"https:\/\/www.egemtv.com\/index.php?rest_route=\/wp\/v2\/posts"}],"about":[{"href":"https:\/\/www.egemtv.com\/index.php?rest_route=\/wp\/v2\/types\/post"}],"author":[{"embeddable":true,"href":"https:\/\/www.egemtv.com\/index.php?rest_route=\/wp\/v2\/users\/1"}],"replies":[{"embeddable":true,"href":"https:\/\/www.egemtv.com\/index.php?rest_route=%2Fwp%2Fv2%2Fcomments&post=72128"}],"version-history":[{"count":1,"href":"https:\/\/www.egemtv.com\/index.php?rest_route=\/wp\/v2\/posts\/72128\/revisions"}],"predecessor-version":[{"id":72130,"href":"https:\/\/www.egemtv.com\/index.php?rest_route=\/wp\/v2\/posts\/72128\/revisions\/72130"}],"wp:featuredmedia":[{"embeddable":true,"href":"https:\/\/www.egemtv.com\/index.php?rest_route=\/wp\/v2\/media\/72129"}],"wp:attachment":[{"href":"https:\/\/www.egemtv.com\/index.php?rest_route=%2Fwp%2Fv2%2Fmedia&parent=72128"}],"wp:term":[{"taxonomy":"category","embeddable":true,"href":"https:\/\/www.egemtv.com\/index.php?rest_route=%2Fwp%2Fv2%2Fcategories&post=72128"},{"taxonomy":"post_tag","embeddable":true,"href":"https:\/\/www.egemtv.com\/index.php?rest_route=%2Fwp%2Fv2%2Ftags&post=72128"}],"curies":[{"name":"wp","href":"https:\/\/api.w.org\/{rel}","templated":true}]}}