{"id":72125,"date":"2025-12-05T09:55:06","date_gmt":"2025-12-05T06:55:06","guid":{"rendered":"https:\/\/www.egemtv.com\/?p=72125"},"modified":"2025-12-05T09:55:06","modified_gmt":"2025-12-05T06:55:06","slug":"cesme-belediyespordan-taekwondoda-gururlandiran-basari","status":"publish","type":"post","link":"https:\/\/www.egemtv.com\/?p=72125","title":{"rendered":"\u00c7e\u015fme Belediyespor\u2019dan taekwondoda gururland\u0131ran ba\u015far\u0131"},"content":{"rendered":"<p>Buca\u2019da ger\u00e7ekle\u015ftirilen Okullararas\u0131 Taekwondo \u0130zmir \u0130l Se\u00e7mesi\u2019ne ilk kez gen\u00e7ler kategorisinde kat\u0131lan \u00c7e\u015fme Belediyespor sporcular\u0131, elde ettikleri derecelerle hem kul\u00fcplerini hem de \u00c7e\u015fme\u2019yi gururland\u0131rd\u0131.<br \/>\n<br \/>M\u00fcsabakalar\u0131n son g\u00fcn\u00fc olan 4 Aral\u0131k Per\u015fembe g\u00fcn\u00fc 55 kiloda m\u00fccadele eden \u00c7e\u015fme Belediyespor sporcusu Cennet Araz, ba\u015far\u0131l\u0131 performans\u0131yla ikincilik elde ederek Bilecik\u2019te d\u00fczenlenecek olan grup ma\u00e7lar\u0131na kat\u0131lmaya hak kazand\u0131. Bu \u00f6nemli derece, kul\u00fcb\u00fcn gen\u00e7 sporcularla s\u00fcrd\u00fcrd\u00fc\u011f\u00fc altyap\u0131 \u00e7al\u0131\u015fmalar\u0131n\u0131n meyvelerini verdi\u011fini bir kez daha g\u00f6sterdi.<br \/>\n<br \/>Kul\u00fcb\u00fcn gen\u00e7 sporcular\u0131ndan Deniz Ko\u00e7 (59 kg), Belis Ko\u00e7 (63 kg) ve Cennet Araz (55 kg), Mart ay\u0131nda yap\u0131lacak olan grup ma\u00e7lar\u0131nda \u00c7e\u015fme\u2019yi ve \u00c7e\u015fme Belediyespor\u2019u temsil edecek.<br \/>\n<br \/>\u00c7e\u015fme Belediyespor Kul\u00fcb\u00fc Ba\u015fkan\u0131 Mehmet Sar\u0131sa\u00e7, sporcular\u0131n elde etti\u011fi ba\u015far\u0131dan b\u00fcy\u00fck gurur duyduklar\u0131n\u0131 belirterek \u015fu a\u00e7\u0131klamay\u0131 yapt\u0131: &#8220;Okullararas\u0131 Taekwondo \u0130zmir \u0130l Se\u00e7mesi\u2019nde kul\u00fcb\u00fcm\u00fcz sporcular\u0131 gen\u00e7ler kategorisinde ilk kez yar\u0131\u015fmalar\u0131na ra\u011fmen ba\u015far\u0131larla d\u00f6nerek bizleri gururland\u0131rd\u0131. 55 kg\u2019da sporcumuz Cennet Araz\u2019\u0131n ikincili\u011fi, Bilecik\u2019te d\u00fczenlenecek grup ma\u00e7lar\u0131na kat\u0131lma hakk\u0131 kazand\u0131rd\u0131. Mart ay\u0131nda yap\u0131lacak grup m\u00fcsabakalar\u0131nda Deniz Ko\u00e7, Belis Ko\u00e7 ve Cennet Araz bizleri temsil edecek. Antren\u00f6r\u00fcm\u00fcz \u0130layda Ak\u0131n\u2019a ve t\u00fcm sporcular\u0131m\u0131za te\u015fekk\u00fcr ediyor, k\u0131zlar\u0131m\u0131z\u0131 y\u00fcrekten tebrik ediyorum. \u00c7e\u015fme sizinle gurur duyuyor.&#8221;<br \/><\/p>\n","protected":false},"excerpt":{"rendered":"<p>Buca\u2019da ger\u00e7ekle\u015ftirilen Okullararas\u0131 Taekwondo \u0130zmir \u0130l Se\u00e7mesi\u2019ne ilk kez gen\u00e7ler kategorisinde kat\u0131lan \u00c7e\u015fme Belediyespor sporcular\u0131, elde ettikleri derecelerle hem kul\u00fcplerini hem de \u00c7e\u015fme\u2019yi gururland\u0131rd\u0131. M\u00fcsabakalar\u0131n son g\u00fcn\u00fc olan 4 Aral\u0131k Per\u015fembe g\u00fcn\u00fc 55 kiloda m\u00fccadele eden \u00c7e\u015fme Belediyespor sporcusu Cennet Araz, ba\u015far\u0131l\u0131 performans\u0131yla ikincilik elde ederek Bilecik\u2019te d\u00fczenlenecek olan grup ma\u00e7lar\u0131na kat\u0131lmaya hak kazand\u0131. Bu&#8230;<\/p>\n","protected":false},"author":1,"featured_media":72126,"comment_status":"open","ping_status":"open","sticky":false,"template":"","format":"standard","meta":{"_crdt_document":"","footnotes":""},"categories":[4],"tags":[],"class_list":["post-72125","post","type-post","status-publish","format-standard","has-post-thumbnail","hentry","category-spor"],"_links":{"self":[{"href":"https:\/\/www.egemtv.com\/index.php?rest_route=\/wp\/v2\/posts\/72125","targetHints":{"allow":["GET"]}}],"collection":[{"href":"https:\/\/www.egemtv.com\/index.php?rest_route=\/wp\/v2\/posts"}],"about":[{"href":"https:\/\/www.egemtv.com\/index.php?rest_route=\/wp\/v2\/types\/post"}],"author":[{"embeddable":true,"href":"https:\/\/www.egemtv.com\/index.php?rest_route=\/wp\/v2\/users\/1"}],"replies":[{"embeddable":true,"href":"https:\/\/www.egemtv.com\/index.php?rest_route=%2Fwp%2Fv2%2Fcomments&post=72125"}],"version-history":[{"count":1,"href":"https:\/\/www.egemtv.com\/index.php?rest_route=\/wp\/v2\/posts\/72125\/revisions"}],"predecessor-version":[{"id":72127,"href":"https:\/\/www.egemtv.com\/index.php?rest_route=\/wp\/v2\/posts\/72125\/revisions\/72127"}],"wp:featuredmedia":[{"embeddable":true,"href":"https:\/\/www.egemtv.com\/index.php?rest_route=\/wp\/v2\/media\/72126"}],"wp:attachment":[{"href":"https:\/\/www.egemtv.com\/index.php?rest_route=%2Fwp%2Fv2%2Fmedia&parent=72125"}],"wp:term":[{"taxonomy":"category","embeddable":true,"href":"https:\/\/www.egemtv.com\/index.php?rest_route=%2Fwp%2Fv2%2Fcategories&post=72125"},{"taxonomy":"post_tag","embeddable":true,"href":"https:\/\/www.egemtv.com\/index.php?rest_route=%2Fwp%2Fv2%2Ftags&post=72125"}],"curies":[{"name":"wp","href":"https:\/\/api.w.org\/{rel}","templated":true}]}}