{"id":72122,"date":"2025-12-05T09:55:05","date_gmt":"2025-12-05T06:55:05","guid":{"rendered":"https:\/\/www.egemtv.com\/?p=72122"},"modified":"2025-12-05T09:55:06","modified_gmt":"2025-12-05T06:55:06","slug":"didim-belediyesi-pazar-atiklarini-komposta-donusturuyor","status":"publish","type":"post","link":"https:\/\/www.egemtv.com\/?p=72122","title":{"rendered":"Didim Belediyesi pazar at\u0131klar\u0131n\u0131 komposta d\u00f6n\u00fc\u015ft\u00fcr\u00fcyor"},"content":{"rendered":"<p>Ayd\u0131n\u2019\u0131n Didim il\u00e7esinde Didim Belediyesi, semt pazarlar\u0131nda olu\u015fan sebze ve meyve at\u0131klar\u0131n\u0131 komposta d\u00f6n\u00fc\u015ft\u00fcrerek \u00e7evre dostu bir uygulamay\u0131 hayata ge\u00e7iriyor. Belediye ekipleri taraf\u0131ndan pazar yerlerinden toplanan organik at\u0131klar, kuru bah\u00e7e at\u0131klar\u0131 ve tala\u015fla kar\u0131\u015ft\u0131r\u0131larak do\u011fal g\u00fcbre elde ediliyor.<\/p>\n<p>Didim Belediyesi \u0130klim De\u011fi\u015fikli\u011fi ve S\u0131f\u0131r At\u0131k M\u00fcd\u00fcrl\u00fc\u011f\u00fc taraf\u0131ndan y\u00fcr\u00fct\u00fclen \u00e7al\u0131\u015fma sayesinde hem pazar yerlerinde olu\u015fan organik at\u0131k miktar\u0131 azalt\u0131l\u0131yor hem de elde edilen kompost, kentin ye\u015fil alanlar\u0131nda kullan\u0131lmak \u00fczere de\u011ferli bir kaynak olu\u015fturuyor. Uygulama ile kimyasal g\u00fcbre kullan\u0131m\u0131n\u0131n azalt\u0131lmas\u0131 ve s\u00fcrd\u00fcr\u00fclebilir \u00e7evre bilincinin toplum genelinde yayg\u0131nla\u015ft\u0131r\u0131lmas\u0131 hedefleniyor.<\/p>\n<p>\u00c7al\u0131\u015fmalar hakk\u0131nda de\u011ferlendirme yapan Didim Belediye Ba\u015fkan\u0131 Hatice Gen\u00e7ay, &#8220;\u0130l\u00e7emizde s\u0131f\u0131r at\u0131k art\u0131k m\u00fcmk\u00fcn. Semt pazarlar\u0131ndaki sebze ve meyve at\u0131klar\u0131n\u0131, kuru bah\u00e7e at\u0131klar\u0131 ve tala\u015fla kar\u0131\u015ft\u0131rarak do\u011fal g\u00fcbre elde ediyoruz. Bu g\u00fcbreyi kentimizin ye\u015fil alanlar\u0131 i\u00e7in de\u011ferli bir kaynak olarak kullan\u0131yoruz. Herkesi, s\u00fcrd\u00fcr\u00fclebilir bir kent i\u00e7in geri d\u00f6n\u00fc\u015f\u00fcm\u00fc al\u0131\u015fkanl\u0131k haline getirmeye davet ediyoruz. Do\u011fam\u0131z i\u00e7in k\u00fc\u00e7\u00fck ad\u0131mlar, gelece\u011fimiz i\u00e7in b\u00fcy\u00fck d\u00f6n\u00fc\u015f\u00fcmler demek&#8221; dedi.<\/p>\n<p>Didim Belediyesi, s\u00fcrd\u00fcr\u00fclebilir bir kent hedefi do\u011frultusunda \u00e7evre dostu projelerini hayata ge\u00e7irmeyi s\u00fcrd\u00fcr\u00fcyor.<br \/><\/p>\n","protected":false},"excerpt":{"rendered":"<p>Ayd\u0131n\u2019\u0131n Didim il\u00e7esinde Didim Belediyesi, semt pazarlar\u0131nda olu\u015fan sebze ve meyve at\u0131klar\u0131n\u0131 komposta d\u00f6n\u00fc\u015ft\u00fcrerek \u00e7evre dostu bir uygulamay\u0131 hayata ge\u00e7iriyor. Belediye ekipleri taraf\u0131ndan pazar yerlerinden toplanan organik at\u0131klar, kuru bah\u00e7e at\u0131klar\u0131 ve tala\u015fla kar\u0131\u015ft\u0131r\u0131larak do\u011fal g\u00fcbre elde ediliyor. Didim Belediyesi \u0130klim De\u011fi\u015fikli\u011fi ve S\u0131f\u0131r At\u0131k M\u00fcd\u00fcrl\u00fc\u011f\u00fc taraf\u0131ndan y\u00fcr\u00fct\u00fclen \u00e7al\u0131\u015fma sayesinde hem pazar yerlerinde olu\u015fan organik&#8230;<\/p>\n","protected":false},"author":1,"featured_media":72123,"comment_status":"open","ping_status":"open","sticky":false,"template":"","format":"standard","meta":{"_crdt_document":"","footnotes":""},"categories":[1],"tags":[],"class_list":["post-72122","post","type-post","status-publish","format-standard","has-post-thumbnail","hentry","category-guncel"],"_links":{"self":[{"href":"https:\/\/www.egemtv.com\/index.php?rest_route=\/wp\/v2\/posts\/72122","targetHints":{"allow":["GET"]}}],"collection":[{"href":"https:\/\/www.egemtv.com\/index.php?rest_route=\/wp\/v2\/posts"}],"about":[{"href":"https:\/\/www.egemtv.com\/index.php?rest_route=\/wp\/v2\/types\/post"}],"author":[{"embeddable":true,"href":"https:\/\/www.egemtv.com\/index.php?rest_route=\/wp\/v2\/users\/1"}],"replies":[{"embeddable":true,"href":"https:\/\/www.egemtv.com\/index.php?rest_route=%2Fwp%2Fv2%2Fcomments&post=72122"}],"version-history":[{"count":1,"href":"https:\/\/www.egemtv.com\/index.php?rest_route=\/wp\/v2\/posts\/72122\/revisions"}],"predecessor-version":[{"id":72124,"href":"https:\/\/www.egemtv.com\/index.php?rest_route=\/wp\/v2\/posts\/72122\/revisions\/72124"}],"wp:featuredmedia":[{"embeddable":true,"href":"https:\/\/www.egemtv.com\/index.php?rest_route=\/wp\/v2\/media\/72123"}],"wp:attachment":[{"href":"https:\/\/www.egemtv.com\/index.php?rest_route=%2Fwp%2Fv2%2Fmedia&parent=72122"}],"wp:term":[{"taxonomy":"category","embeddable":true,"href":"https:\/\/www.egemtv.com\/index.php?rest_route=%2Fwp%2Fv2%2Fcategories&post=72122"},{"taxonomy":"post_tag","embeddable":true,"href":"https:\/\/www.egemtv.com\/index.php?rest_route=%2Fwp%2Fv2%2Ftags&post=72122"}],"curies":[{"name":"wp","href":"https:\/\/api.w.org\/{rel}","templated":true}]}}