{"id":72119,"date":"2025-12-05T09:55:04","date_gmt":"2025-12-05T06:55:04","guid":{"rendered":"https:\/\/www.egemtv.com\/?p=72119"},"modified":"2025-12-05T09:55:05","modified_gmt":"2025-12-05T06:55:05","slug":"egitim-bir-senden-yildiraka-ziyaret","status":"publish","type":"post","link":"https:\/\/www.egemtv.com\/?p=72119","title":{"rendered":"E\u011fitim-Bir-Sen\u2019den Y\u0131ld\u0131rak\u2019a ziyaret"},"content":{"rendered":"<p>Memur-Sen Manisa \u0130l Temsilcisi ve E\u011fitim-Bir-Sen Manisa 1 Nolu \u015eube Ba\u015fkan\u0131 Ahmet Yasav ve y\u00f6neticileri, e\u011fitim \u00e7al\u0131\u015fmalar\u0131 ve yeni d\u00f6nem planlamalar\u0131 \u00fczerine de\u011ferlendirmelerde bulunmak \u00fczere Sar\u0131g\u00f6l \u0130l\u00e7e Milli E\u011fitim M\u00fcd\u00fcr\u00fc Cezmi Y\u0131ld\u0131rak\u2019\u0131 makam\u0131nda ziyaret etti.<br \/>\n<br \/>Manisa Memur-Sen Temsilcisi ve E\u011fitim-Bir-Sen Manisa 1 Nolu \u015eube Ba\u015fkan\u0131 Ahmet Yasav, y\u00f6netim kurulu \u00fcyeleri, E\u011fitim-Bir-Sen Sar\u0131g\u00f6l \u0130l\u00e7e Ba\u015fkan\u0131 Ali K\u0131rer ve y\u00f6netimiyle birlikte Sar\u0131g\u00f6l \u0130l\u00e7e Milli E\u011fitim M\u00fcd\u00fcr\u00fc Cezmi Y\u0131ld\u0131rak\u2019\u0131 makam\u0131nda ziyaret etti.<br \/>\n<br \/>Ziyarette il\u00e7ede y\u00fcr\u00fct\u00fclen e\u011fitim faaliyetleri, devam eden projeler ve yeni d\u00f6nem planlamalar\u0131 \u00fczerine detayl\u0131 de\u011ferlendirmelerde bulunuldu. Sendika temsilcileri, e\u011fitim \u00e7al\u0131\u015fanlar\u0131n\u0131n taleplerini, sahadan gelen geri bildirimleri ve okullar\u0131n mevcut ihtiya\u00e7lar\u0131n\u0131 Y\u0131ld\u0131rak\u2019a iletti.<br \/>\n<br \/>G\u00f6r\u00fc\u015fmede, e\u011fitim s\u00fcre\u00e7lerinin geli\u015ftirilmesi, fiziki \u015fartlar\u0131n iyile\u015ftirilmesi ve kurumlar aras\u0131 i\u015f birli\u011fi imk\u00e2nlar\u0131 da masaya yat\u0131r\u0131ld\u0131. E\u011fitim-Bir-Sen heyeti, il\u00e7ede e\u011fitim kalitesinin y\u00fckseltilmesi noktas\u0131nda destek vermeye haz\u0131r olduklar\u0131n\u0131 ifade etti.<br \/>\n<br \/>Sar\u0131g\u00f6l \u0130l\u00e7e Milli E\u011fitim M\u00fcd\u00fcr\u00fc Cezmi Y\u0131ld\u0131rak, ziyaretten duydu\u011fu memnuniyeti dile getirerek sendika heyetine te\u015fekk\u00fcr etti. Y\u0131ld\u0131rak, e\u011fitimde i\u015f birli\u011finin \u00f6nemine vurgu yaparak il\u00e7ede y\u00fcr\u00fct\u00fclen \u00e7al\u0131\u015fmalar\u0131n kararl\u0131l\u0131kla devam etti\u011fini belirtti.<br \/><\/p>\n","protected":false},"excerpt":{"rendered":"<p>Memur-Sen Manisa \u0130l Temsilcisi ve E\u011fitim-Bir-Sen Manisa 1 Nolu \u015eube Ba\u015fkan\u0131 Ahmet Yasav ve y\u00f6neticileri, e\u011fitim \u00e7al\u0131\u015fmalar\u0131 ve yeni d\u00f6nem planlamalar\u0131 \u00fczerine de\u011ferlendirmelerde bulunmak \u00fczere Sar\u0131g\u00f6l \u0130l\u00e7e Milli E\u011fitim M\u00fcd\u00fcr\u00fc Cezmi Y\u0131ld\u0131rak\u2019\u0131 makam\u0131nda ziyaret etti. Manisa Memur-Sen Temsilcisi ve E\u011fitim-Bir-Sen Manisa 1 Nolu \u015eube Ba\u015fkan\u0131 Ahmet Yasav, y\u00f6netim kurulu \u00fcyeleri, E\u011fitim-Bir-Sen Sar\u0131g\u00f6l \u0130l\u00e7e Ba\u015fkan\u0131 Ali&#8230;<\/p>\n","protected":false},"author":1,"featured_media":72120,"comment_status":"open","ping_status":"open","sticky":false,"template":"","format":"standard","meta":{"_crdt_document":"","footnotes":""},"categories":[1],"tags":[],"class_list":["post-72119","post","type-post","status-publish","format-standard","has-post-thumbnail","hentry","category-guncel"],"_links":{"self":[{"href":"https:\/\/www.egemtv.com\/index.php?rest_route=\/wp\/v2\/posts\/72119","targetHints":{"allow":["GET"]}}],"collection":[{"href":"https:\/\/www.egemtv.com\/index.php?rest_route=\/wp\/v2\/posts"}],"about":[{"href":"https:\/\/www.egemtv.com\/index.php?rest_route=\/wp\/v2\/types\/post"}],"author":[{"embeddable":true,"href":"https:\/\/www.egemtv.com\/index.php?rest_route=\/wp\/v2\/users\/1"}],"replies":[{"embeddable":true,"href":"https:\/\/www.egemtv.com\/index.php?rest_route=%2Fwp%2Fv2%2Fcomments&post=72119"}],"version-history":[{"count":1,"href":"https:\/\/www.egemtv.com\/index.php?rest_route=\/wp\/v2\/posts\/72119\/revisions"}],"predecessor-version":[{"id":72121,"href":"https:\/\/www.egemtv.com\/index.php?rest_route=\/wp\/v2\/posts\/72119\/revisions\/72121"}],"wp:featuredmedia":[{"embeddable":true,"href":"https:\/\/www.egemtv.com\/index.php?rest_route=\/wp\/v2\/media\/72120"}],"wp:attachment":[{"href":"https:\/\/www.egemtv.com\/index.php?rest_route=%2Fwp%2Fv2%2Fmedia&parent=72119"}],"wp:term":[{"taxonomy":"category","embeddable":true,"href":"https:\/\/www.egemtv.com\/index.php?rest_route=%2Fwp%2Fv2%2Fcategories&post=72119"},{"taxonomy":"post_tag","embeddable":true,"href":"https:\/\/www.egemtv.com\/index.php?rest_route=%2Fwp%2Fv2%2Ftags&post=72119"}],"curies":[{"name":"wp","href":"https:\/\/api.w.org\/{rel}","templated":true}]}}