{"id":72116,"date":"2025-12-05T09:55:03","date_gmt":"2025-12-05T06:55:03","guid":{"rendered":"https:\/\/www.egemtv.com\/?p=72116"},"modified":"2025-12-05T09:55:04","modified_gmt":"2025-12-05T06:55:04","slug":"baybaturdan-belen-yolu-mujdesi","status":"publish","type":"post","link":"https:\/\/www.egemtv.com\/?p=72116","title":{"rendered":"Baybatur\u2019dan Belen Yolu m\u00fcjdesi"},"content":{"rendered":"<p>AK Parti Manisa Milletvekili Murat Baybatur, Saruhanl\u0131 ile Halitpa\u015fa Mahallesi aras\u0131nda yer alan ve G\u00f6lmarmaral\u0131 vatanda\u015flar\u0131n ula\u015f\u0131m\u0131n\u0131 da \u00f6nemli \u00f6l\u00e7\u00fcde rahatlatacak olan Belen Yolu i\u00e7in uzun s\u00fcredir beklenen \u00e7al\u0131\u015fman\u0131n ihaleye \u00e7\u0131kt\u0131\u011f\u0131n\u0131 duyurdu.<br \/>\n<br \/>Baybatur, Karayollar\u0131 2. B\u00f6lge M\u00fcd\u00fcrl\u00fc\u011f\u00fc taraf\u0131ndan 7 Ocak 2026\u2019da yap\u0131lacak ihalenin b\u00f6lge ula\u015f\u0131m\u0131 i\u00e7in kritik bir ad\u0131m oldu\u011funu belirtti.<br \/>\n<br \/>Belen yolu g\u00fczergah\u0131nda yap\u0131lacak toprak tesviye, sanat yap\u0131lar\u0131, k\u00f6pr\u00fc ve \u00fcstyap\u0131 \u00e7al\u0131\u015fmalar\u0131n\u0131n Saruhanl\u0131 halk\u0131 i\u00e7in b\u00fcy\u00fck \u00f6nem ta\u015f\u0131d\u0131\u011f\u0131n\u0131 vurgulayan Baybatur, projenin tamamlanmas\u0131yla birlikte b\u00f6lgedeki trafik ak\u0131\u015f\u0131n\u0131n iyile\u015fece\u011fini ve ula\u015f\u0131m konforunun \u00f6nemli \u00f6l\u00e7\u00fcde artaca\u011f\u0131n\u0131 ifade etti.<br \/>\n<br \/>Baybatur ayr\u0131ca, projenin hayata ge\u00e7mesindeki katk\u0131lar\u0131 nedeniyle Ula\u015ft\u0131rma ve Altyap\u0131 Bakan\u0131m\u0131z Abdulkadir Uralo\u011flu, milletvekillerine, AK Parti Manisa \u0130l Ba\u015fkan\u0131na, Karayollar\u0131 2. B\u00f6lge M\u00fcd\u00fcr\u00fc Murat G\u00f6nenli ve ekibine te\u015fekk\u00fcr ederek, b\u00f6lgedeki ula\u015f\u0131m yat\u0131r\u0131mlar\u0131n\u0131n kararl\u0131l\u0131kla s\u00fcrd\u00fc\u011f\u00fcn\u00fc s\u00f6yledi.<br \/>\n<br \/>Baybatur a\u00e7\u0131klamas\u0131nda \u015fu ifadelere yer verdi: &#8220;Ge\u00e7ti\u011fimiz rkim ay\u0131nda Saruhanl\u0131 il\u00e7emizi ziyaret ederek vatanda\u015flar\u0131m\u0131z ve partililerimizle bir araya gelmi\u015ftik. Vatanda\u015flar\u0131m\u0131z bize Belen yolu ile ilgili taleplerini iletti ve biz de ayn\u0131 anda Ula\u015ft\u0131rma ve Altyap\u0131 Bakan\u0131m\u0131z Abdulkadir Uralo\u011flu\u2019nu aray\u0131p kendisinden s\u00f6z alm\u0131\u015ft\u0131k. O g\u00fcnden sonra Saruhanl\u0131 Belediye Ba\u015fkan\u0131m\u0131z Ekrem C\u0131ll\u0131\u2019n\u0131n, Cumhur \u0130ttifak\u0131 il\u00e7e ba\u015fkanlar\u0131m\u0131z\u0131n \u0131srarl\u0131 \u00e7al\u0131\u015fmalar\u0131 ve bizlerin de yak\u0131n takibiyle Saruhanl\u0131-Belen yolu projesinin ihaleye \u00e7\u0131km\u0131\u015f olmas\u0131ndan b\u00fcy\u00fck memnuniyet duyuyoruz. B\u00f6lgenin ula\u015f\u0131m altyap\u0131s\u0131n\u0131 g\u00fc\u00e7lendirecek bu yat\u0131r\u0131m hem vatanda\u015flar\u0131m\u0131z\u0131n g\u00fcvenli\u011fini art\u0131racak hem de ekonomik hareketlili\u011fe katk\u0131 sa\u011flayacakt\u0131r. Manisa\u2019m\u0131z i\u00e7in \u00e7al\u0131\u015fmaya devam edece\u011fiz.&#8221;<br \/><\/p>\n","protected":false},"excerpt":{"rendered":"<p>AK Parti Manisa Milletvekili Murat Baybatur, Saruhanl\u0131 ile Halitpa\u015fa Mahallesi aras\u0131nda yer alan ve G\u00f6lmarmaral\u0131 vatanda\u015flar\u0131n ula\u015f\u0131m\u0131n\u0131 da \u00f6nemli \u00f6l\u00e7\u00fcde rahatlatacak olan Belen Yolu i\u00e7in uzun s\u00fcredir beklenen \u00e7al\u0131\u015fman\u0131n ihaleye \u00e7\u0131kt\u0131\u011f\u0131n\u0131 duyurdu. Baybatur, Karayollar\u0131 2. B\u00f6lge M\u00fcd\u00fcrl\u00fc\u011f\u00fc taraf\u0131ndan 7 Ocak 2026\u2019da yap\u0131lacak ihalenin b\u00f6lge ula\u015f\u0131m\u0131 i\u00e7in kritik bir ad\u0131m oldu\u011funu belirtti. Belen yolu g\u00fczergah\u0131nda yap\u0131lacak&#8230;<\/p>\n","protected":false},"author":1,"featured_media":72117,"comment_status":"open","ping_status":"open","sticky":false,"template":"","format":"standard","meta":{"_crdt_document":"","footnotes":""},"categories":[127],"tags":[],"class_list":["post-72116","post","type-post","status-publish","format-standard","has-post-thumbnail","hentry","category-siyaset"],"_links":{"self":[{"href":"https:\/\/www.egemtv.com\/index.php?rest_route=\/wp\/v2\/posts\/72116","targetHints":{"allow":["GET"]}}],"collection":[{"href":"https:\/\/www.egemtv.com\/index.php?rest_route=\/wp\/v2\/posts"}],"about":[{"href":"https:\/\/www.egemtv.com\/index.php?rest_route=\/wp\/v2\/types\/post"}],"author":[{"embeddable":true,"href":"https:\/\/www.egemtv.com\/index.php?rest_route=\/wp\/v2\/users\/1"}],"replies":[{"embeddable":true,"href":"https:\/\/www.egemtv.com\/index.php?rest_route=%2Fwp%2Fv2%2Fcomments&post=72116"}],"version-history":[{"count":1,"href":"https:\/\/www.egemtv.com\/index.php?rest_route=\/wp\/v2\/posts\/72116\/revisions"}],"predecessor-version":[{"id":72118,"href":"https:\/\/www.egemtv.com\/index.php?rest_route=\/wp\/v2\/posts\/72116\/revisions\/72118"}],"wp:featuredmedia":[{"embeddable":true,"href":"https:\/\/www.egemtv.com\/index.php?rest_route=\/wp\/v2\/media\/72117"}],"wp:attachment":[{"href":"https:\/\/www.egemtv.com\/index.php?rest_route=%2Fwp%2Fv2%2Fmedia&parent=72116"}],"wp:term":[{"taxonomy":"category","embeddable":true,"href":"https:\/\/www.egemtv.com\/index.php?rest_route=%2Fwp%2Fv2%2Fcategories&post=72116"},{"taxonomy":"post_tag","embeddable":true,"href":"https:\/\/www.egemtv.com\/index.php?rest_route=%2Fwp%2Fv2%2Ftags&post=72116"}],"curies":[{"name":"wp","href":"https:\/\/api.w.org\/{rel}","templated":true}]}}