{"id":72113,"date":"2025-12-05T09:55:01","date_gmt":"2025-12-05T06:55:01","guid":{"rendered":"https:\/\/www.egemtv.com\/?p=72113"},"modified":"2025-12-05T09:55:02","modified_gmt":"2025-12-05T06:55:02","slug":"germencike-27-milyon-tllik-altyapi-yatirimi","status":"publish","type":"post","link":"https:\/\/www.egemtv.com\/?p=72113","title":{"rendered":"Germencik\u2019e 27 milyon TL\u2019lik altyap\u0131 yat\u0131r\u0131m\u0131"},"content":{"rendered":"<p>Ayd\u0131n\u2019\u0131n Germencik il\u00e7esinde \u00e7al\u0131\u015fmalar\u0131n\u0131 s\u00fcrd\u00fcren B\u00fcy\u00fck\u015fehir Belediyesi, 27 milyon TL de\u011ferindeki ya\u011fmursuyu altyap\u0131 \u00e7al\u0131\u015fmalar\u0131na ba\u015flad\u0131.<br \/>\n<br \/>Ayd\u0131n B\u00fcy\u00fck\u015fehir Belediyesi ve Ayd\u0131n Su ve Kanalizasyon \u0130daresi Genel M\u00fcd\u00fcrl\u00fc\u011f\u00fc (ASK\u0130) taraf\u0131ndan Ayd\u0131n\u2019\u0131n d\u00f6rt bir yan\u0131nda ger\u00e7ekle\u015ftirilen \u00e7al\u0131\u015fmalar h\u0131z kesmeden devam ediyor. ASK\u0130, Ayd\u0131n\u2019\u0131n t\u00fcm il\u00e7elerinde oldu\u011fu gibi Germencik il\u00e7esinde de altyap\u0131 yat\u0131r\u0131mlar\u0131n\u0131 s\u00fcrd\u00fcr\u00fcyor. Germencik il\u00e7esine ba\u011fl\u0131 Turanlar Mahallesi ile Yedi Eyl\u00fcl Mahallesi\u2019nde hayata ge\u00e7irilen ya\u011fmursuyu altyap\u0131 \u00e7al\u0131\u015fmalar\u0131n\u0131n ard\u0131ndan Ortaklar Mahallesi\u2019nde \u00e7al\u0131\u015fmalara ba\u015fland\u0131. Yaz aylar\u0131ndan bu yana s\u00fcrd\u00fcr\u00fclen \u00e7al\u0131\u015fmalar\u0131n son etab\u0131n\u0131 olu\u015fturan Ortaklar Mahallesi\u2019ndeki \u00e7al\u0131\u015fmalar kapsam\u0131nda Sanayi Caddesi\u2019nde 325 metre uzunlu\u011funda ya\u011fmursuyu hatt\u0131 yap\u0131m\u0131 ger\u00e7ekle\u015ftirilecek.<br \/>\n<br \/>Yakla\u015f\u0131k 27 milyon 600 bin T\u00fcrk Liras\u0131 bedelli yat\u0131r\u0131mla hayata ge\u00e7irilen proje tamamland\u0131\u011f\u0131nda, b\u00f6lgede ya\u011f\u0131\u015fl\u0131 havalarda ya\u015fanabilecek su bask\u0131nlar\u0131n\u0131n \u00f6n\u00fcne ge\u00e7ilecek. Ayd\u0131n B\u00fcy\u00fck\u015fehir Belediye Ba\u015fkan\u0131 \u00d6zlem \u00c7er\u00e7io\u011flu, t\u00fcm il\u00e7elerde \u00e7al\u0131\u015fmalar\u0131n devam edece\u011fini ifade etti. Ba\u015fkan \u00c7er\u00e7io\u011flu, &#8220;Hem\u015fehrilerimizi hizmetlerimiz ile bulu\u015fturmaya, Ayd\u0131n\u0131m\u0131z i\u00e7in \u00e7al\u0131\u015fmaya devam ediyoruz. 17 il\u00e7emizin tamam\u0131nda yat\u0131r\u0131mlar\u0131m\u0131za ve projelerimize devam edece\u011fiz&#8221; ifadelerini kulland\u0131.<br \/><\/p>\n","protected":false},"excerpt":{"rendered":"<p>Ayd\u0131n\u2019\u0131n Germencik il\u00e7esinde \u00e7al\u0131\u015fmalar\u0131n\u0131 s\u00fcrd\u00fcren B\u00fcy\u00fck\u015fehir Belediyesi, 27 milyon TL de\u011ferindeki ya\u011fmursuyu altyap\u0131 \u00e7al\u0131\u015fmalar\u0131na ba\u015flad\u0131. Ayd\u0131n B\u00fcy\u00fck\u015fehir Belediyesi ve Ayd\u0131n Su ve Kanalizasyon \u0130daresi Genel M\u00fcd\u00fcrl\u00fc\u011f\u00fc (ASK\u0130) taraf\u0131ndan Ayd\u0131n\u2019\u0131n d\u00f6rt bir yan\u0131nda ger\u00e7ekle\u015ftirilen \u00e7al\u0131\u015fmalar h\u0131z kesmeden devam ediyor. ASK\u0130, Ayd\u0131n\u2019\u0131n t\u00fcm il\u00e7elerinde oldu\u011fu gibi Germencik il\u00e7esinde de altyap\u0131 yat\u0131r\u0131mlar\u0131n\u0131 s\u00fcrd\u00fcr\u00fcyor. Germencik il\u00e7esine ba\u011fl\u0131 Turanlar Mahallesi&#8230;<\/p>\n","protected":false},"author":1,"featured_media":72114,"comment_status":"open","ping_status":"open","sticky":false,"template":"","format":"standard","meta":{"_crdt_document":"","footnotes":""},"categories":[1],"tags":[],"class_list":["post-72113","post","type-post","status-publish","format-standard","has-post-thumbnail","hentry","category-guncel"],"_links":{"self":[{"href":"https:\/\/www.egemtv.com\/index.php?rest_route=\/wp\/v2\/posts\/72113","targetHints":{"allow":["GET"]}}],"collection":[{"href":"https:\/\/www.egemtv.com\/index.php?rest_route=\/wp\/v2\/posts"}],"about":[{"href":"https:\/\/www.egemtv.com\/index.php?rest_route=\/wp\/v2\/types\/post"}],"author":[{"embeddable":true,"href":"https:\/\/www.egemtv.com\/index.php?rest_route=\/wp\/v2\/users\/1"}],"replies":[{"embeddable":true,"href":"https:\/\/www.egemtv.com\/index.php?rest_route=%2Fwp%2Fv2%2Fcomments&post=72113"}],"version-history":[{"count":1,"href":"https:\/\/www.egemtv.com\/index.php?rest_route=\/wp\/v2\/posts\/72113\/revisions"}],"predecessor-version":[{"id":72115,"href":"https:\/\/www.egemtv.com\/index.php?rest_route=\/wp\/v2\/posts\/72113\/revisions\/72115"}],"wp:featuredmedia":[{"embeddable":true,"href":"https:\/\/www.egemtv.com\/index.php?rest_route=\/wp\/v2\/media\/72114"}],"wp:attachment":[{"href":"https:\/\/www.egemtv.com\/index.php?rest_route=%2Fwp%2Fv2%2Fmedia&parent=72113"}],"wp:term":[{"taxonomy":"category","embeddable":true,"href":"https:\/\/www.egemtv.com\/index.php?rest_route=%2Fwp%2Fv2%2Fcategories&post=72113"},{"taxonomy":"post_tag","embeddable":true,"href":"https:\/\/www.egemtv.com\/index.php?rest_route=%2Fwp%2Fv2%2Ftags&post=72113"}],"curies":[{"name":"wp","href":"https:\/\/api.w.org\/{rel}","templated":true}]}}