{"id":72110,"date":"2025-12-05T09:36:27","date_gmt":"2025-12-05T06:36:27","guid":{"rendered":"https:\/\/www.egemtv.com\/?p=72110"},"modified":"2025-12-05T09:36:28","modified_gmt":"2025-12-05T06:36:28","slug":"bilim-olimpiyatlarinda-aydina-gurur-yasatti","status":"publish","type":"post","link":"https:\/\/www.egemtv.com\/?p=72110","title":{"rendered":"Bilim Olimpiyatlar\u0131\u2019nda Ayd\u0131n\u2019a gurur ya\u015fatt\u0131"},"content":{"rendered":"<p>Ayd\u0131n Sosyal Bilimler Lisesi \u00f6\u011fretmeni Dr. Filiz Tanr\u0131sevdi, 33. Bilim Olimpiyatlar\u0131 Birinci A\u015fama S\u0131nav\u0131ndaki ba\u015far\u0131s\u0131yla Bilim Olimpiyatlar\u0131 Akademisi E\u011fitimlerine kat\u0131lmaya hak kazand\u0131.<\/p>\n<p>Ayd\u0131n Sosyal Bilimler Lisesi Co\u011frafya \u00f6\u011fretmeni Dr. Filiz Tanr\u0131sevdi, Bilim Olimpiyatlar\u0131 Program\u0131 kapsam\u0131nda d\u00fczenlenen 33. Bilim Olimpiyatlar\u0131 Birinci A\u015fama S\u0131nav\u0131nda g\u00f6sterdi\u011fi ba\u015far\u0131yla \u00f6nemli bir ba\u015far\u0131ya imza att\u0131. Tanr\u0131sevdi, elde etti\u011fi sonu\u00e7la Bilim Olimpiyatlar\u0131 Akademisi E\u011fitimlerine kat\u0131lmaya hak kazand\u0131. \u00d6\u011fretmenlerin bilimsel birikimlerini art\u0131rmay\u0131 ama\u00e7layan e\u011fitimler, olimpiyat haz\u0131rl\u0131k s\u00fcre\u00e7lerinde bilimsel yakla\u015f\u0131m\u0131 g\u00fc\u00e7lendirmeyi, \u00f6\u011fretmen yeterliklerini geli\u015ftirmeyi ve ulusal \u00f6l\u00e7ekte g\u00fc\u00e7l\u00fc bir olimpiyat e\u011fitimci havuzu olu\u015fturmay\u0131 hedefliyor.<\/p>\n<p>Dr. Filiz Tanr\u0131sevdi\u2019yi tebrik ederek ba\u015far\u0131lar\u0131n\u0131n \u00f6\u011frencilerine de ilham kayna\u011f\u0131 oldu\u011funu belirten Ayd\u0131n Sosyal Bilimler Lisesi yapt\u0131\u011f\u0131 a\u00e7\u0131klamada &#8220;Okulumuz co\u011frafya \u00f6\u011fretmeni Dr. Filiz Tanr\u0131sevdi, Bilim Olimpiyatlar\u0131 Program\u0131 kapsam\u0131nda d\u00fczenlenen 33. Bilim Olimpiyatlar\u0131 Birinci A\u015fama S\u0131nav\u0131nda ba\u015far\u0131 g\u00f6stererek Bilim Olimpiyatlar\u0131 Akademisi E\u011fitimlerine kat\u0131lmaya hak kazanm\u0131\u015ft\u0131r. Bu e\u011fitimler, \u00f6\u011fretmenlerin bilimsel yeterliklerini geli\u015ftirmeyi, olimpiyat haz\u0131rl\u0131k s\u00fcre\u00e7lerine bilimsel bir bak\u0131\u015f kazand\u0131rmay\u0131 ve ulusal d\u00fczeyde olimpiyat e\u011fitimci havuzunu g\u00fc\u00e7lendirmeyi ama\u00e7lamaktad\u0131r&#8221; ifadeleri yer ald\u0131.<br \/><\/p>\n","protected":false},"excerpt":{"rendered":"<p>Ayd\u0131n Sosyal Bilimler Lisesi \u00f6\u011fretmeni Dr. Filiz Tanr\u0131sevdi, 33. Bilim Olimpiyatlar\u0131 Birinci A\u015fama S\u0131nav\u0131ndaki ba\u015far\u0131s\u0131yla Bilim Olimpiyatlar\u0131 Akademisi E\u011fitimlerine kat\u0131lmaya hak kazand\u0131. Ayd\u0131n Sosyal Bilimler Lisesi Co\u011frafya \u00f6\u011fretmeni Dr. Filiz Tanr\u0131sevdi, Bilim Olimpiyatlar\u0131 Program\u0131 kapsam\u0131nda d\u00fczenlenen 33. Bilim Olimpiyatlar\u0131 Birinci A\u015fama S\u0131nav\u0131nda g\u00f6sterdi\u011fi ba\u015far\u0131yla \u00f6nemli bir ba\u015far\u0131ya imza att\u0131. Tanr\u0131sevdi, elde etti\u011fi sonu\u00e7la Bilim Olimpiyatlar\u0131&#8230;<\/p>\n","protected":false},"author":1,"featured_media":72111,"comment_status":"open","ping_status":"open","sticky":false,"template":"","format":"standard","meta":{"_crdt_document":"","footnotes":""},"categories":[1],"tags":[],"class_list":["post-72110","post","type-post","status-publish","format-standard","has-post-thumbnail","hentry","category-guncel"],"_links":{"self":[{"href":"https:\/\/www.egemtv.com\/index.php?rest_route=\/wp\/v2\/posts\/72110","targetHints":{"allow":["GET"]}}],"collection":[{"href":"https:\/\/www.egemtv.com\/index.php?rest_route=\/wp\/v2\/posts"}],"about":[{"href":"https:\/\/www.egemtv.com\/index.php?rest_route=\/wp\/v2\/types\/post"}],"author":[{"embeddable":true,"href":"https:\/\/www.egemtv.com\/index.php?rest_route=\/wp\/v2\/users\/1"}],"replies":[{"embeddable":true,"href":"https:\/\/www.egemtv.com\/index.php?rest_route=%2Fwp%2Fv2%2Fcomments&post=72110"}],"version-history":[{"count":1,"href":"https:\/\/www.egemtv.com\/index.php?rest_route=\/wp\/v2\/posts\/72110\/revisions"}],"predecessor-version":[{"id":72112,"href":"https:\/\/www.egemtv.com\/index.php?rest_route=\/wp\/v2\/posts\/72110\/revisions\/72112"}],"wp:featuredmedia":[{"embeddable":true,"href":"https:\/\/www.egemtv.com\/index.php?rest_route=\/wp\/v2\/media\/72111"}],"wp:attachment":[{"href":"https:\/\/www.egemtv.com\/index.php?rest_route=%2Fwp%2Fv2%2Fmedia&parent=72110"}],"wp:term":[{"taxonomy":"category","embeddable":true,"href":"https:\/\/www.egemtv.com\/index.php?rest_route=%2Fwp%2Fv2%2Fcategories&post=72110"},{"taxonomy":"post_tag","embeddable":true,"href":"https:\/\/www.egemtv.com\/index.php?rest_route=%2Fwp%2Fv2%2Ftags&post=72110"}],"curies":[{"name":"wp","href":"https:\/\/api.w.org\/{rel}","templated":true}]}}