{"id":72107,"date":"2025-12-05T09:36:26","date_gmt":"2025-12-05T06:36:26","guid":{"rendered":"https:\/\/www.egemtv.com\/?p=72107"},"modified":"2025-12-05T09:36:27","modified_gmt":"2025-12-05T06:36:27","slug":"aliaga-fk-turkiye-kupasinda-izmirin-tek-temsilcisi-oldu","status":"publish","type":"post","link":"https:\/\/www.egemtv.com\/?p=72107","title":{"rendered":"Alia\u011fa FK, T\u00fcrkiye Kupas\u0131\u2019nda \u0130zmir\u2019in tek temsilcisi oldu"},"content":{"rendered":"<p>Ziraat T\u00fcrkiye Kupas\u0131\u2019nda \u0130zmir\u2019i temsil eden Bornova 1877 SK, Kar\u015f\u0131yaka, Menemen FK, G\u00f6ztepe, Bucaspor 1928, \u0130zmir \u00c7oruhlu FK, Tire 2021 FK ve Alt\u0131nordu\u2019nun elenmesinin ard\u0131ndan yoluna devam eden tek tak\u0131m Alia\u011fa FK oldu. 2014 y\u0131l\u0131nda kurulan sar\u0131-siyahl\u0131lar, T\u00fcrkiye Kupas\u0131\u2019nda gruplarda m\u00fccadele edecek.<br \/>\n<br \/>Ziraat T\u00fcrkiye Kupas\u0131 4. turunda Trendyol 1. Lig ekiplerinden Sivasspor\u2019a konuk olan Alia\u011fa FK, rakibini deplasmanda 3-1 ma\u011flup ederek tarihinde ilk kez T\u00fcrkiye Kupas\u0131\u2019nda gruplar\u0131na kald\u0131. Elde edilen sonu\u00e7, \u0130zmir futbolu a\u00e7\u0131s\u0131ndan son y\u0131llar\u0131n en dikkat \u00e7ekici ba\u015far\u0131lar\u0131ndan biri olarak de\u011ferlendirildi. Ayn\u0131 turda Beyo\u011flu Yeni \u00c7ar\u015f\u0131 FK\u2019ya 1-0 yenilen G\u00f6ztepe\u2019nin elenmesiyle birlikte \u0130zmir\u2019i grup a\u015famas\u0131nda temsil edecek tek tak Alia\u011fa FK oldu.<\/p>\n<p>Lig performans\u0131 dikkat \u00e7ekiyor&#8221;<br \/>\n<br \/>Alia\u011fa FK, Nesine 2. Lig K\u0131rm\u0131z\u0131 Grup\u2019ta bu sezon g\u00f6sterdi\u011fi performansla da dikkat \u00e7ekiyor. Sar\u0131-siyahl\u0131lar, ligde \u00e7\u0131kt\u0131\u011f\u0131 13 ma\u00e7ta toplad\u0131\u011f\u0131 26 puanla \u00fcst s\u0131ralardaki iddias\u0131n\u0131 s\u00fcrd\u00fcr\u00fcyor. Kupadaki \u00e7\u0131k\u0131\u015f ise tak\u0131m\u0131n performans\u0131n\u0131 ulusal arenaya ta\u015f\u0131m\u0131\u015f durumda.<\/p>\n<p>Polat \u00c7etin: &#8220;Zorlu ma\u00e7lar bizi bekliyor&#8221;<br \/>\n<br \/>Sivasspor kar\u015f\u0131la\u015fmas\u0131n\u0131n ard\u0131ndan a\u00e7\u0131klamalarda bulunan Alia\u011fa FK Teknik Direkt\u00f6r\u00fc Polat \u00c7etin, \u00f6nemli bir a\u015famay\u0131 ge\u00e7tiklerini s\u00f6yledi. \u00c7etin, &#8220;\u0130yi bir tak\u0131ma sahibiz. Gruplarda zorlu ma\u00e7lar bizi bekliyor. Biz elimizden geleni yapaca\u011f\u0131z. Ligde de iyi konumday\u0131z. Tak\u0131m\u0131m\u0131 y\u00fcrekten kutluyorum&#8221; ifadelerini kulland\u0131.<\/p>\n<p>D\u00f6rt engeli a\u015farak gruplara kald\u0131&#8221;<br \/>\n<br \/>Alia\u011fa FK, kupada \u0130neg\u00f6l Kafkas Spor, Bornova 1877 Sportif Yat\u0131r\u0131mlar, Serikspor ve son olarak Sivasspor\u2019u eleyerek grup a\u015famas\u0131na y\u00fckseldi. Bu ba\u015far\u0131yla birlikte kul\u00fcp hem tarihinde bir ilki ger\u00e7ekle\u015ftirdi hem de \u0130zmir\u2019e tek ba\u015f\u0131na temsil etme sorumlulu\u011funu \u00fcstlendi.<\/p>\n<p>Yeni heyecan\u0131n kap\u0131s\u0131 aralan\u0131yor<br \/>\n<br \/>Alia\u011fa FK\u2019n\u0131n, T\u00fcrkiye Kupas\u0131\u2019ndaki grup m\u00fccadelesi, sadece kul\u00fcp ad\u0131na de\u011fil, \u0130zmir futbolu ad\u0131na da yeni bir heyecan\u0131n ba\u015flang\u0131c\u0131 olarak de\u011ferlendirildi. Sar\u0131-siyahl\u0131lar\u0131n performans\u0131n\u0131n, kentin spor haf\u0131zas\u0131nda \u00f6zel bir yer edinmesi bekleniyor.<br \/><\/p>\n","protected":false},"excerpt":{"rendered":"<p>Ziraat T\u00fcrkiye Kupas\u0131\u2019nda \u0130zmir\u2019i temsil eden Bornova 1877 SK, Kar\u015f\u0131yaka, Menemen FK, G\u00f6ztepe, Bucaspor 1928, \u0130zmir \u00c7oruhlu FK, Tire 2021 FK ve Alt\u0131nordu\u2019nun elenmesinin ard\u0131ndan yoluna devam eden tek tak\u0131m Alia\u011fa FK oldu. 2014 y\u0131l\u0131nda kurulan sar\u0131-siyahl\u0131lar, T\u00fcrkiye Kupas\u0131\u2019nda gruplarda m\u00fccadele edecek. Ziraat T\u00fcrkiye Kupas\u0131 4. turunda Trendyol 1. Lig ekiplerinden Sivasspor\u2019a konuk olan Alia\u011fa&#8230;<\/p>\n","protected":false},"author":1,"featured_media":72108,"comment_status":"open","ping_status":"open","sticky":false,"template":"","format":"standard","meta":{"_crdt_document":"","footnotes":""},"categories":[4],"tags":[],"class_list":["post-72107","post","type-post","status-publish","format-standard","has-post-thumbnail","hentry","category-spor"],"_links":{"self":[{"href":"https:\/\/www.egemtv.com\/index.php?rest_route=\/wp\/v2\/posts\/72107","targetHints":{"allow":["GET"]}}],"collection":[{"href":"https:\/\/www.egemtv.com\/index.php?rest_route=\/wp\/v2\/posts"}],"about":[{"href":"https:\/\/www.egemtv.com\/index.php?rest_route=\/wp\/v2\/types\/post"}],"author":[{"embeddable":true,"href":"https:\/\/www.egemtv.com\/index.php?rest_route=\/wp\/v2\/users\/1"}],"replies":[{"embeddable":true,"href":"https:\/\/www.egemtv.com\/index.php?rest_route=%2Fwp%2Fv2%2Fcomments&post=72107"}],"version-history":[{"count":1,"href":"https:\/\/www.egemtv.com\/index.php?rest_route=\/wp\/v2\/posts\/72107\/revisions"}],"predecessor-version":[{"id":72109,"href":"https:\/\/www.egemtv.com\/index.php?rest_route=\/wp\/v2\/posts\/72107\/revisions\/72109"}],"wp:featuredmedia":[{"embeddable":true,"href":"https:\/\/www.egemtv.com\/index.php?rest_route=\/wp\/v2\/media\/72108"}],"wp:attachment":[{"href":"https:\/\/www.egemtv.com\/index.php?rest_route=%2Fwp%2Fv2%2Fmedia&parent=72107"}],"wp:term":[{"taxonomy":"category","embeddable":true,"href":"https:\/\/www.egemtv.com\/index.php?rest_route=%2Fwp%2Fv2%2Fcategories&post=72107"},{"taxonomy":"post_tag","embeddable":true,"href":"https:\/\/www.egemtv.com\/index.php?rest_route=%2Fwp%2Fv2%2Ftags&post=72107"}],"curies":[{"name":"wp","href":"https:\/\/api.w.org\/{rel}","templated":true}]}}