{"id":72104,"date":"2025-12-05T09:36:26","date_gmt":"2025-12-05T06:36:26","guid":{"rendered":"https:\/\/www.egemtv.com\/?p=72104"},"modified":"2025-12-05T09:36:26","modified_gmt":"2025-12-05T06:36:26","slug":"yoldan-cikan-surucu-seyir-halindeki-tira-carpti","status":"publish","type":"post","link":"https:\/\/www.egemtv.com\/?p=72104","title":{"rendered":"Yoldan \u00e7\u0131kan s\u00fcr\u00fcc\u00fc seyir halindeki t\u0131ra \u00e7arpt\u0131"},"content":{"rendered":"<p>DEN\u0130ZL\u0130 (\u0130HA) \u2013 Denizli\u2019nin Pamukkale il\u00e7esinde kontrolden \u00e7\u0131kan kamyonet, kar\u015f\u0131 \u015feride ge\u00e7erek seyir halindeki bir t\u0131ra \u00e7arpt\u0131. Kazada, kamyonet s\u00fcr\u00fcc\u00fcs\u00fc ve ara\u00e7ta bulunan yolcu a\u011f\u0131r yaraland\u0131.<\/p>\n<p>Kaza, Pamukkale il\u00e7esine ba\u011fl\u0131 Cankurtaran Kav\u015fa\u011f\u0131\u2019nda meydana geldi. S\u00fcr\u00fcc\u00fcs\u00fcn\u00fcn direksiyon hakimiyetini kaybetmesi sonucu kontrolden \u00e7\u0131kan kamyonet, kar\u015f\u0131 \u015feride ge\u00e7erek seyir halindeki t\u0131ra \u00e7arpt\u0131. \u0130hbar \u00fczerine olay yerine h\u0131zla 112 Acil Sa\u011fl\u0131k ve Denizli B\u00fcy\u00fck\u015fehir Belediyesi \u0130tfaiye ekipleri sevk edildi. \u00c7arpman\u0131n \u015fiddetiyle kamyonette s\u0131k\u0131\u015fan s\u00fcr\u00fcc\u00fc ve yolcu, itfaiye ekiplerinin yo\u011fun \u00e7abas\u0131 sonucu bulunduklar\u0131 yerden \u00e7\u0131kar\u0131ld\u0131.<\/p>\n<p>Olay yerinde 112 Acil ekiplerince ilk m\u00fcdahalesi yap\u0131lan iki yaral\u0131 vatanda\u015f,  Pamukkale \u00dcniversitesi Hastanesi\u2019ne kald\u0131r\u0131ld\u0131.  Kazayla ilgili soru\u015fturma ba\u015flat\u0131ld\u0131.<br \/><\/p>\n","protected":false},"excerpt":{"rendered":"<p>DEN\u0130ZL\u0130 (\u0130HA) \u2013 Denizli\u2019nin Pamukkale il\u00e7esinde kontrolden \u00e7\u0131kan kamyonet, kar\u015f\u0131 \u015feride ge\u00e7erek seyir halindeki bir t\u0131ra \u00e7arpt\u0131. Kazada, kamyonet s\u00fcr\u00fcc\u00fcs\u00fc ve ara\u00e7ta bulunan yolcu a\u011f\u0131r yaraland\u0131. Kaza, Pamukkale il\u00e7esine ba\u011fl\u0131 Cankurtaran Kav\u015fa\u011f\u0131\u2019nda meydana geldi. S\u00fcr\u00fcc\u00fcs\u00fcn\u00fcn direksiyon hakimiyetini kaybetmesi sonucu kontrolden \u00e7\u0131kan kamyonet, kar\u015f\u0131 \u015feride ge\u00e7erek seyir halindeki t\u0131ra \u00e7arpt\u0131. \u0130hbar \u00fczerine olay yerine h\u0131zla 112&#8230;<\/p>\n","protected":false},"author":1,"featured_media":72105,"comment_status":"open","ping_status":"open","sticky":false,"template":"","format":"standard","meta":{"_crdt_document":"","footnotes":""},"categories":[5],"tags":[],"class_list":["post-72104","post","type-post","status-publish","format-standard","has-post-thumbnail","hentry","category-asayis"],"_links":{"self":[{"href":"https:\/\/www.egemtv.com\/index.php?rest_route=\/wp\/v2\/posts\/72104","targetHints":{"allow":["GET"]}}],"collection":[{"href":"https:\/\/www.egemtv.com\/index.php?rest_route=\/wp\/v2\/posts"}],"about":[{"href":"https:\/\/www.egemtv.com\/index.php?rest_route=\/wp\/v2\/types\/post"}],"author":[{"embeddable":true,"href":"https:\/\/www.egemtv.com\/index.php?rest_route=\/wp\/v2\/users\/1"}],"replies":[{"embeddable":true,"href":"https:\/\/www.egemtv.com\/index.php?rest_route=%2Fwp%2Fv2%2Fcomments&post=72104"}],"version-history":[{"count":1,"href":"https:\/\/www.egemtv.com\/index.php?rest_route=\/wp\/v2\/posts\/72104\/revisions"}],"predecessor-version":[{"id":72106,"href":"https:\/\/www.egemtv.com\/index.php?rest_route=\/wp\/v2\/posts\/72104\/revisions\/72106"}],"wp:featuredmedia":[{"embeddable":true,"href":"https:\/\/www.egemtv.com\/index.php?rest_route=\/wp\/v2\/media\/72105"}],"wp:attachment":[{"href":"https:\/\/www.egemtv.com\/index.php?rest_route=%2Fwp%2Fv2%2Fmedia&parent=72104"}],"wp:term":[{"taxonomy":"category","embeddable":true,"href":"https:\/\/www.egemtv.com\/index.php?rest_route=%2Fwp%2Fv2%2Fcategories&post=72104"},{"taxonomy":"post_tag","embeddable":true,"href":"https:\/\/www.egemtv.com\/index.php?rest_route=%2Fwp%2Fv2%2Ftags&post=72104"}],"curies":[{"name":"wp","href":"https:\/\/api.w.org\/{rel}","templated":true}]}}