{"id":72101,"date":"2025-12-05T09:14:43","date_gmt":"2025-12-05T06:14:43","guid":{"rendered":"https:\/\/www.egemtv.com\/?p=72101"},"modified":"2025-12-05T09:14:44","modified_gmt":"2025-12-05T06:14:44","slug":"sarigolde-yarim-kalan-okul-projesi-hizla-tamamlaniyor","status":"publish","type":"post","link":"https:\/\/www.egemtv.com\/?p=72101","title":{"rendered":"Sar\u0131g\u00f6l\u2019de yar\u0131m kalan okul projesi h\u0131zla tamamlan\u0131yor"},"content":{"rendered":"<p>\u00d6nceki m\u00fcteahhidin i\u015fi b\u0131rakmas\u0131yla geciken Sar\u0131g\u00f6l Yenik\u00f6y \u015eehit Er Muammer Kara \u0130lkokulu\u2019nun in\u015faat\u0131nda sona gelindi. \u0130l\u00e7e Milli E\u011fitim M\u00fcd\u00fcr\u00fc Cezmi Y\u0131ld\u0131rak, &#8220;Okulumuz k\u0131sa s\u00fcrede hizmete a\u00e7\u0131lacak.&#8221; dedi.<br \/>\n<br \/>Sar\u0131g\u00f6l \u0130l\u00e7e Milli E\u011fitim M\u00fcd\u00fcr\u00fc Cezmi Y\u0131ld\u0131rak, il\u00e7eye kazand\u0131r\u0131lan Sar\u0131g\u00f6l Yenik\u00f6y \u015eehit Er Muammer Kara \u0130lkokulu\u2019nun in\u015faat\u0131nda \u00e7al\u0131\u015fmalar\u0131n tamamlanma a\u015famas\u0131na geldi\u011fini belirtti. Y\u0131ld\u0131rak, yeni e\u011fitim yuvas\u0131n\u0131n b\u00f6lgeye \u00f6nemli bir katk\u0131 sa\u011flayaca\u011f\u0131n\u0131 ifade etti.<br \/>\n<br \/>Y\u0131ld\u0131rak, okulun daha \u00f6nce bitirilmesinin planland\u0131\u011f\u0131n\u0131 ancak y\u00fcklenici firman\u0131n i\u015fi b\u0131rakmas\u0131 nedeniyle s\u00fcrecin aksad\u0131\u011f\u0131n\u0131 hat\u0131rlatarak, &#8220;\u0130kinci ihale sonras\u0131 y\u00fcklenici firma \u00e7al\u0131\u015fmalar\u0131 b\u00fcy\u00fck bir titizlikle y\u00fcr\u00fctt\u00fc. \u015eu anda okul binam\u0131zda ince i\u015f\u00e7ilikler tamamlanmak \u00fczere. \u00c7evre d\u00fczenlemesi, bah\u00e7e alan\u0131 ve baz\u0131 i\u00e7 tefri\u015fatlar ile ilgili son dokunu\u015flar yap\u0131l\u0131yor.&#8221; dedi.<br \/>\n<br \/>\u0130n\u015faat \u00e7al\u0131\u015fmalar\u0131n\u0131 yerinde takip ettiklerini belirten Y\u0131ld\u0131rak, &#8220;Allah devletimize zeval vermesin. Devletimizin yat\u0131r\u0131mlar\u0131yla il\u00e7emiz her ge\u00e7en g\u00fcn daha da g\u00fc\u00e7leniyor. Okulumuzun k\u0131sa zamanda tamamlanarak \u00f6\u011frencilerimizin hizmetine sunulmas\u0131n\u0131 hedefliyoruz.&#8221; ifadelerini kulland\u0131.<br \/><\/p>\n","protected":false},"excerpt":{"rendered":"<p>\u00d6nceki m\u00fcteahhidin i\u015fi b\u0131rakmas\u0131yla geciken Sar\u0131g\u00f6l Yenik\u00f6y \u015eehit Er Muammer Kara \u0130lkokulu\u2019nun in\u015faat\u0131nda sona gelindi. \u0130l\u00e7e Milli E\u011fitim M\u00fcd\u00fcr\u00fc Cezmi Y\u0131ld\u0131rak, &#8220;Okulumuz k\u0131sa s\u00fcrede hizmete a\u00e7\u0131lacak.&#8221; dedi. Sar\u0131g\u00f6l \u0130l\u00e7e Milli E\u011fitim M\u00fcd\u00fcr\u00fc Cezmi Y\u0131ld\u0131rak, il\u00e7eye kazand\u0131r\u0131lan Sar\u0131g\u00f6l Yenik\u00f6y \u015eehit Er Muammer Kara \u0130lkokulu\u2019nun in\u015faat\u0131nda \u00e7al\u0131\u015fmalar\u0131n tamamlanma a\u015famas\u0131na geldi\u011fini belirtti. Y\u0131ld\u0131rak, yeni e\u011fitim yuvas\u0131n\u0131n b\u00f6lgeye \u00f6nemli&#8230;<\/p>\n","protected":false},"author":1,"featured_media":72102,"comment_status":"open","ping_status":"open","sticky":false,"template":"","format":"standard","meta":{"_crdt_document":"","footnotes":""},"categories":[1],"tags":[],"class_list":["post-72101","post","type-post","status-publish","format-standard","has-post-thumbnail","hentry","category-guncel"],"_links":{"self":[{"href":"https:\/\/www.egemtv.com\/index.php?rest_route=\/wp\/v2\/posts\/72101","targetHints":{"allow":["GET"]}}],"collection":[{"href":"https:\/\/www.egemtv.com\/index.php?rest_route=\/wp\/v2\/posts"}],"about":[{"href":"https:\/\/www.egemtv.com\/index.php?rest_route=\/wp\/v2\/types\/post"}],"author":[{"embeddable":true,"href":"https:\/\/www.egemtv.com\/index.php?rest_route=\/wp\/v2\/users\/1"}],"replies":[{"embeddable":true,"href":"https:\/\/www.egemtv.com\/index.php?rest_route=%2Fwp%2Fv2%2Fcomments&post=72101"}],"version-history":[{"count":1,"href":"https:\/\/www.egemtv.com\/index.php?rest_route=\/wp\/v2\/posts\/72101\/revisions"}],"predecessor-version":[{"id":72103,"href":"https:\/\/www.egemtv.com\/index.php?rest_route=\/wp\/v2\/posts\/72101\/revisions\/72103"}],"wp:featuredmedia":[{"embeddable":true,"href":"https:\/\/www.egemtv.com\/index.php?rest_route=\/wp\/v2\/media\/72102"}],"wp:attachment":[{"href":"https:\/\/www.egemtv.com\/index.php?rest_route=%2Fwp%2Fv2%2Fmedia&parent=72101"}],"wp:term":[{"taxonomy":"category","embeddable":true,"href":"https:\/\/www.egemtv.com\/index.php?rest_route=%2Fwp%2Fv2%2Fcategories&post=72101"},{"taxonomy":"post_tag","embeddable":true,"href":"https:\/\/www.egemtv.com\/index.php?rest_route=%2Fwp%2Fv2%2Ftags&post=72101"}],"curies":[{"name":"wp","href":"https:\/\/api.w.org\/{rel}","templated":true}]}}