{"id":72098,"date":"2025-12-05T09:14:41","date_gmt":"2025-12-05T06:14:41","guid":{"rendered":"https:\/\/www.egemtv.com\/?p=72098"},"modified":"2025-12-05T09:14:43","modified_gmt":"2025-12-05T06:14:43","slug":"kamyonet-ile-midibus-carpisti-17-yarali","status":"publish","type":"post","link":"https:\/\/www.egemtv.com\/?p=72098","title":{"rendered":"Kamyonet ile midib\u00fcs \u00e7arp\u0131\u015ft\u0131: 17 yaral\u0131"},"content":{"rendered":"<p>Afyonkarahisar\u2019da meydana gelen kazada kamyonet ile \u00e7arp\u0131\u015fan minib\u00fcsteki \u00e7o\u011fu \u00f6\u011frenci 17 ki\u015fi yaraland\u0131.<br \/>\n<br \/>Kaza, \u00d6zburun beldesi \u00e7\u0131k\u0131\u015f\u0131nda meydana geldi. Edinilen bilgilere g\u00f6re, beldedeki ilk ve orta\u00f6\u011fretime giden \u00f6\u011frencileri ta\u015f\u0131yan midib\u00fcs kav\u015fakta kamyonet ile \u00e7arp\u0131\u015ft\u0131. \u00c7arp\u0131\u015fman\u0131n etkisiyle midib\u00fcs yol kenar\u0131ndaki \u015farampole savruldu. Kazada ilk belirlemelere g\u00f6re \u00e7o\u011funlu\u011fu \u00f6\u011frenci 17 ki\u015fi yaraland\u0131. Kurtarma ekiplerinin b\u00f6lgedeki \u00e7al\u0131\u015fmalar\u0131 devam ediyor.<br \/><\/p>\n","protected":false},"excerpt":{"rendered":"<p>Afyonkarahisar\u2019da meydana gelen kazada kamyonet ile \u00e7arp\u0131\u015fan minib\u00fcsteki \u00e7o\u011fu \u00f6\u011frenci 17 ki\u015fi yaraland\u0131. Kaza, \u00d6zburun beldesi \u00e7\u0131k\u0131\u015f\u0131nda meydana geldi. Edinilen bilgilere g\u00f6re, beldedeki ilk ve orta\u00f6\u011fretime giden \u00f6\u011frencileri ta\u015f\u0131yan midib\u00fcs kav\u015fakta kamyonet ile \u00e7arp\u0131\u015ft\u0131. \u00c7arp\u0131\u015fman\u0131n etkisiyle midib\u00fcs yol kenar\u0131ndaki \u015farampole savruldu. Kazada ilk belirlemelere g\u00f6re \u00e7o\u011funlu\u011fu \u00f6\u011frenci 17 ki\u015fi yaraland\u0131. Kurtarma ekiplerinin b\u00f6lgedeki \u00e7al\u0131\u015fmalar\u0131 devam&#8230;<\/p>\n","protected":false},"author":1,"featured_media":72099,"comment_status":"open","ping_status":"open","sticky":false,"template":"","format":"standard","meta":{"_crdt_document":"","footnotes":""},"categories":[5],"tags":[],"class_list":["post-72098","post","type-post","status-publish","format-standard","has-post-thumbnail","hentry","category-asayis"],"_links":{"self":[{"href":"https:\/\/www.egemtv.com\/index.php?rest_route=\/wp\/v2\/posts\/72098","targetHints":{"allow":["GET"]}}],"collection":[{"href":"https:\/\/www.egemtv.com\/index.php?rest_route=\/wp\/v2\/posts"}],"about":[{"href":"https:\/\/www.egemtv.com\/index.php?rest_route=\/wp\/v2\/types\/post"}],"author":[{"embeddable":true,"href":"https:\/\/www.egemtv.com\/index.php?rest_route=\/wp\/v2\/users\/1"}],"replies":[{"embeddable":true,"href":"https:\/\/www.egemtv.com\/index.php?rest_route=%2Fwp%2Fv2%2Fcomments&post=72098"}],"version-history":[{"count":1,"href":"https:\/\/www.egemtv.com\/index.php?rest_route=\/wp\/v2\/posts\/72098\/revisions"}],"predecessor-version":[{"id":72100,"href":"https:\/\/www.egemtv.com\/index.php?rest_route=\/wp\/v2\/posts\/72098\/revisions\/72100"}],"wp:featuredmedia":[{"embeddable":true,"href":"https:\/\/www.egemtv.com\/index.php?rest_route=\/wp\/v2\/media\/72099"}],"wp:attachment":[{"href":"https:\/\/www.egemtv.com\/index.php?rest_route=%2Fwp%2Fv2%2Fmedia&parent=72098"}],"wp:term":[{"taxonomy":"category","embeddable":true,"href":"https:\/\/www.egemtv.com\/index.php?rest_route=%2Fwp%2Fv2%2Fcategories&post=72098"},{"taxonomy":"post_tag","embeddable":true,"href":"https:\/\/www.egemtv.com\/index.php?rest_route=%2Fwp%2Fv2%2Ftags&post=72098"}],"curies":[{"name":"wp","href":"https:\/\/api.w.org\/{rel}","templated":true}]}}