{"id":72095,"date":"2025-12-04T22:34:48","date_gmt":"2025-12-04T19:34:48","guid":{"rendered":"https:\/\/www.egemtv.com\/?p=72095"},"modified":"2025-12-04T22:34:48","modified_gmt":"2025-12-04T19:34:48","slug":"alkolun-etkisi-ile-aracta-sizdi-vatandaslar-hayatindan-endise-etti","status":"publish","type":"post","link":"https:\/\/www.egemtv.com\/?p=72095","title":{"rendered":"Alkol\u00fcn etkisi ile ara\u00e7ta s\u0131zd\u0131, vatanda\u015flar hayat\u0131ndan endi\u015fe etti"},"content":{"rendered":"<p>Ayd\u0131n\u2019\u0131n Efeler il\u00e7esinde iddiaya g\u00f6re alkol ald\u0131ktan sonra ara\u00e7 i\u00e7erisinde s\u0131zan \u015fah\u0131s ekipleri harekete ge\u00e7irdi.<\/p>\n<p>Olay, Cuma Mahallesi 223 sokak \u00fczerinde saat 21.30 s\u0131ralar\u0131nda meydana geldi. Edinilen bilgiye g\u00f6re, kald\u0131r\u0131mda park halinde olan otomobil i\u00e7erisinde hareketsiz bir erkek \u015fahs\u0131n oldu\u011funu fark edenler durumu 112 Acil \u00c7a\u011fr\u0131 Merkezi\u2019ne bildirdi. \u0130hbar \u00fczerine b\u00f6lgeye sa\u011fl\u0131k ve polis ekipleri sevk edildi. K\u0131sa s\u00fcrede olay yerine gelen sa\u011fl\u0131k ekiplerinin S.M. isimli \u015fah\u0131s ile yapt\u0131klar\u0131 m\u00fclakat sonras\u0131, herhangi bir sa\u011fl\u0131k sorununun olmad\u0131\u011f\u0131n\u0131 ve hastaneye gitmek istemedi\u011fini belirtti.<\/p>\n<p>Arac\u0131n penceresini a\u00e7\u0131k b\u0131rak\u0131p gitti<br \/>\n<br \/>Daha sonra cam\u0131n\u0131 ve m\u00fczik sistemini a\u00e7\u0131k b\u0131rakt\u0131\u011f\u0131 otomobilden inen S.M., evinin sokak i\u00e7erisinde oldu\u011funu s\u00f6yleyerek bir apartmana girdi. K\u0131sa s\u00fcre sonra apartmandan \u00e7\u0131kan bir kad\u0131n \u015fah\u0131s S.M.\u2019nin a\u011fabeyi oldu\u011funu belirtip arac\u0131 bulundu\u011fu yerden alarak b\u00f6lgeden uzakla\u015ft\u0131. Ya\u015fanan olay sonras\u0131 \u015fahs\u0131n hayati durumundan \u015f\u00fcphe duyarak ihbarda bulunan vatanda\u015flar \u015fa\u015fk\u0131nlar\u0131n\u0131 gizleyemezken, S.M.\u2019nin alkoll\u00fc oldu\u011fu ve ara\u00e7 i\u00e7erisinde alkol\u00fcn etkisi ile uyuyakald\u0131\u011f\u0131 iddia edildi.<br \/><\/p>\n","protected":false},"excerpt":{"rendered":"<p>Ayd\u0131n\u2019\u0131n Efeler il\u00e7esinde iddiaya g\u00f6re alkol ald\u0131ktan sonra ara\u00e7 i\u00e7erisinde s\u0131zan \u015fah\u0131s ekipleri harekete ge\u00e7irdi. Olay, Cuma Mahallesi 223 sokak \u00fczerinde saat 21.30 s\u0131ralar\u0131nda meydana geldi. Edinilen bilgiye g\u00f6re, kald\u0131r\u0131mda park halinde olan otomobil i\u00e7erisinde hareketsiz bir erkek \u015fahs\u0131n oldu\u011funu fark edenler durumu 112 Acil \u00c7a\u011fr\u0131 Merkezi\u2019ne bildirdi. \u0130hbar \u00fczerine b\u00f6lgeye sa\u011fl\u0131k ve polis ekipleri&#8230;<\/p>\n","protected":false},"author":1,"featured_media":72096,"comment_status":"open","ping_status":"open","sticky":false,"template":"","format":"standard","meta":{"_crdt_document":"","footnotes":""},"categories":[5],"tags":[],"class_list":["post-72095","post","type-post","status-publish","format-standard","has-post-thumbnail","hentry","category-asayis"],"_links":{"self":[{"href":"https:\/\/www.egemtv.com\/index.php?rest_route=\/wp\/v2\/posts\/72095","targetHints":{"allow":["GET"]}}],"collection":[{"href":"https:\/\/www.egemtv.com\/index.php?rest_route=\/wp\/v2\/posts"}],"about":[{"href":"https:\/\/www.egemtv.com\/index.php?rest_route=\/wp\/v2\/types\/post"}],"author":[{"embeddable":true,"href":"https:\/\/www.egemtv.com\/index.php?rest_route=\/wp\/v2\/users\/1"}],"replies":[{"embeddable":true,"href":"https:\/\/www.egemtv.com\/index.php?rest_route=%2Fwp%2Fv2%2Fcomments&post=72095"}],"version-history":[{"count":1,"href":"https:\/\/www.egemtv.com\/index.php?rest_route=\/wp\/v2\/posts\/72095\/revisions"}],"predecessor-version":[{"id":72097,"href":"https:\/\/www.egemtv.com\/index.php?rest_route=\/wp\/v2\/posts\/72095\/revisions\/72097"}],"wp:featuredmedia":[{"embeddable":true,"href":"https:\/\/www.egemtv.com\/index.php?rest_route=\/wp\/v2\/media\/72096"}],"wp:attachment":[{"href":"https:\/\/www.egemtv.com\/index.php?rest_route=%2Fwp%2Fv2%2Fmedia&parent=72095"}],"wp:term":[{"taxonomy":"category","embeddable":true,"href":"https:\/\/www.egemtv.com\/index.php?rest_route=%2Fwp%2Fv2%2Fcategories&post=72095"},{"taxonomy":"post_tag","embeddable":true,"href":"https:\/\/www.egemtv.com\/index.php?rest_route=%2Fwp%2Fv2%2Ftags&post=72095"}],"curies":[{"name":"wp","href":"https:\/\/api.w.org\/{rel}","templated":true}]}}