{"id":72092,"date":"2025-12-04T22:34:47","date_gmt":"2025-12-04T19:34:47","guid":{"rendered":"https:\/\/www.egemtv.com\/?p=72092"},"modified":"2025-12-04T22:34:48","modified_gmt":"2025-12-04T19:34:48","slug":"park-halindeki-otomobil-kule-dondu","status":"publish","type":"post","link":"https:\/\/www.egemtv.com\/?p=72092","title":{"rendered":"Park halindeki otomobil k\u00fcle d\u00f6nd\u00fc"},"content":{"rendered":"<p>Ayd\u0131n\u2019\u0131n Efeler il\u00e7esinde park halideyken yanan otomobil itfaiye ekiplerinin m\u00fcdahalesiyle s\u00f6nd\u00fcr\u00fcl\u00fcrken, otomobil k\u00fcle d\u00f6nd\u00fc.<br \/>\n<br \/>Yang\u0131n, Efeler il\u00e7esi Cumhuriyet Mahallesi 1997 Sokak \u00fczerinde saat 21.00 s\u0131ralar\u0131nda meydana geldi. Edinilen bilgiye g\u00f6re S.B.\u2019ye ait park halindeki 09 ALG 488 plakal\u0131 otomobilde hen\u00fcz bilinmeyen bir nedenle yang\u0131n \u00e7\u0131kt\u0131. K\u0131sa s\u00fcrede b\u00fcy\u00fcyen yang\u0131n arac\u0131n \u00f6n b\u00f6l\u00fcm\u00fcn\u00fc sard\u0131. Alevleri fark eden vatanda\u015flar durumu 112 Acil \u00c7a\u011fr\u0131 Merkezi\u2019ne bildirdi. \u0130hbar \u00fczerine b\u00f6lgeye polis ve sa\u011fl\u0131k ekipleri sevk edildi. K\u0131sa s\u00fcrede b\u00f6lgeye gelen itfaiye ekipleri, alevlere m\u00fcdahale ederek yang\u0131n\u0131 s\u00f6nd\u00fcrd\u00fc. So\u011futma \u00e7al\u0131\u015fmalar\u0131n\u0131n ard\u0131ndan yang\u0131n\u0131n \u00e7\u0131k\u0131\u015f nedeninin belirlenmesi i\u00e7in inceleme ba\u015flat\u0131l\u0131rken, yang\u0131n\u0131n otomobilin elektrik aksam\u0131ndan \u00e7\u0131km\u0131\u015f olabilece\u011fi tahmin ediliyor.<br \/><\/p>\n","protected":false},"excerpt":{"rendered":"<p>Ayd\u0131n\u2019\u0131n Efeler il\u00e7esinde park halideyken yanan otomobil itfaiye ekiplerinin m\u00fcdahalesiyle s\u00f6nd\u00fcr\u00fcl\u00fcrken, otomobil k\u00fcle d\u00f6nd\u00fc. Yang\u0131n, Efeler il\u00e7esi Cumhuriyet Mahallesi 1997 Sokak \u00fczerinde saat 21.00 s\u0131ralar\u0131nda meydana geldi. Edinilen bilgiye g\u00f6re S.B.\u2019ye ait park halindeki 09 ALG 488 plakal\u0131 otomobilde hen\u00fcz bilinmeyen bir nedenle yang\u0131n \u00e7\u0131kt\u0131. K\u0131sa s\u00fcrede b\u00fcy\u00fcyen yang\u0131n arac\u0131n \u00f6n b\u00f6l\u00fcm\u00fcn\u00fc sard\u0131. Alevleri fark&#8230;<\/p>\n","protected":false},"author":1,"featured_media":72093,"comment_status":"open","ping_status":"open","sticky":false,"template":"","format":"standard","meta":{"_crdt_document":"","footnotes":""},"categories":[5],"tags":[],"class_list":["post-72092","post","type-post","status-publish","format-standard","has-post-thumbnail","hentry","category-asayis"],"_links":{"self":[{"href":"https:\/\/www.egemtv.com\/index.php?rest_route=\/wp\/v2\/posts\/72092","targetHints":{"allow":["GET"]}}],"collection":[{"href":"https:\/\/www.egemtv.com\/index.php?rest_route=\/wp\/v2\/posts"}],"about":[{"href":"https:\/\/www.egemtv.com\/index.php?rest_route=\/wp\/v2\/types\/post"}],"author":[{"embeddable":true,"href":"https:\/\/www.egemtv.com\/index.php?rest_route=\/wp\/v2\/users\/1"}],"replies":[{"embeddable":true,"href":"https:\/\/www.egemtv.com\/index.php?rest_route=%2Fwp%2Fv2%2Fcomments&post=72092"}],"version-history":[{"count":1,"href":"https:\/\/www.egemtv.com\/index.php?rest_route=\/wp\/v2\/posts\/72092\/revisions"}],"predecessor-version":[{"id":72094,"href":"https:\/\/www.egemtv.com\/index.php?rest_route=\/wp\/v2\/posts\/72092\/revisions\/72094"}],"wp:featuredmedia":[{"embeddable":true,"href":"https:\/\/www.egemtv.com\/index.php?rest_route=\/wp\/v2\/media\/72093"}],"wp:attachment":[{"href":"https:\/\/www.egemtv.com\/index.php?rest_route=%2Fwp%2Fv2%2Fmedia&parent=72092"}],"wp:term":[{"taxonomy":"category","embeddable":true,"href":"https:\/\/www.egemtv.com\/index.php?rest_route=%2Fwp%2Fv2%2Fcategories&post=72092"},{"taxonomy":"post_tag","embeddable":true,"href":"https:\/\/www.egemtv.com\/index.php?rest_route=%2Fwp%2Fv2%2Ftags&post=72092"}],"curies":[{"name":"wp","href":"https:\/\/api.w.org\/{rel}","templated":true}]}}