{"id":72089,"date":"2025-12-04T21:54:54","date_gmt":"2025-12-04T18:54:54","guid":{"rendered":"https:\/\/www.egemtv.com\/?p=72089"},"modified":"2025-12-04T21:54:55","modified_gmt":"2025-12-04T18:54:55","slug":"kavga-degil-adeta-meydan-muharebesi-tas-sopa-ve-silah-kullanildi-1-kisi-yaralandi","status":"publish","type":"post","link":"https:\/\/www.egemtv.com\/?p=72089","title":{"rendered":"Kavga de\u011fil adeta meydan muharebesi: Ta\u015f, sopa ve silah kullan\u0131ld\u0131, 1 ki\u015fi yaraland\u0131"},"content":{"rendered":"<p>Manisa\u2019n\u0131n G\u00f6lmarmara il\u00e7esinde iki ki\u015fi aras\u0131nda ba\u015flayan tart\u0131\u015fma k\u0131sa s\u00fcrede b\u00fcy\u00fcyerek yakla\u015f\u0131k 80 ki\u015finin kar\u0131\u015ft\u0131\u011f\u0131 kavgaya d\u00f6n\u00fc\u015ft\u00fc. Ta\u015f, sopa ve silah kullan\u0131lan olayda 1 ki\u015fi yaraland\u0131.<br \/>\n<br \/>Olay Manisa\u2019n\u0131n G\u00f6lmarmara il\u00e7esine ba\u011fl\u0131 Atat\u00fcrk Mahallesi \u00c7aml\u0131k Kav\u015fa\u011f\u0131nda meydana geldi. Edinilen bilgiye g\u00f6re, kahve i\u015fletmecisi Ercan \u00c7. ile Ozanca Mahallesi Muhtar\u0131 Menderes A. aras\u0131nda kahvede huzursuzluk \u00e7\u0131kart\u0131lmas\u0131 nedeniyle tart\u0131\u015fma ya\u015fand\u0131. Tart\u0131\u015fman\u0131n kavgaya d\u00f6n\u00fc\u015fmesi \u00fczerine taraflar birbirlerini darbederken, Ercan \u00c7. yaraland\u0131. Yaral\u0131, Akhisar Devlet Hastanesine kald\u0131r\u0131larak tedavi al\u0131tna al\u0131nd\u0131.<\/p>\n<p>80 ki\u015filik kalabal\u0131k aras\u0131nda kavga \u00e7\u0131kt\u0131<br \/>\n<br \/>Olay\u0131n ard\u0131ndan taraflar\u0131n \u00e7evrelerinden toplad\u0131\u011f\u0131 ki\u015filerle yakla\u015f\u0131k 80 ki\u015filik kalabal\u0131k aras\u0131nda kavga \u00e7\u0131kt\u0131. Taraflar\u0131n uzak mesafelerden birbirlerine ta\u015f ve sopalar f\u0131rlatt\u0131\u011f\u0131 esnada, muhtar Menderes A. ve taraflardan Co\u015fkun A.\u2019n\u0131n silahla havaya ate\u015f a\u00e7t\u0131\u011f\u0131 \u00f6\u011frenildi.<br \/>\n<br \/>Jandarma ekipleri taraf\u0131ndan m\u00fcdahale edilen olay\u0131n b\u00fcy\u00fcmesi \u00fczerine takviye \u00e7evik kuvvet ekipleri b\u00f6lgeye gelerek olaya m\u00fcdahale etti.<br \/>\n<br \/>Geni\u015f \u00e7apl\u0131 g\u00fcvenlik \u00f6nlemleri al\u0131nan olay jandarma ekiplerinin m\u00fcdahalesinin ard\u0131ndan kontrol alt\u0131na al\u0131n\u0131rken, kavga tamamen sona erdi.<br \/>\n<br \/>Olaya kar\u0131\u015fan \u015fah\u0131slarla ilgili yakalama i\u015flemlerinin yap\u0131ld\u0131\u011f\u0131, Cumhuriyet Savc\u0131s\u0131\u2019n\u0131n talimat\u0131yla gerekli adli tahkikat\u0131n ba\u015flat\u0131ld\u0131\u011f\u0131 \u00f6\u011frenildi.<br \/><\/p>\n","protected":false},"excerpt":{"rendered":"<p>Manisa\u2019n\u0131n G\u00f6lmarmara il\u00e7esinde iki ki\u015fi aras\u0131nda ba\u015flayan tart\u0131\u015fma k\u0131sa s\u00fcrede b\u00fcy\u00fcyerek yakla\u015f\u0131k 80 ki\u015finin kar\u0131\u015ft\u0131\u011f\u0131 kavgaya d\u00f6n\u00fc\u015ft\u00fc. Ta\u015f, sopa ve silah kullan\u0131lan olayda 1 ki\u015fi yaraland\u0131. Olay Manisa\u2019n\u0131n G\u00f6lmarmara il\u00e7esine ba\u011fl\u0131 Atat\u00fcrk Mahallesi \u00c7aml\u0131k Kav\u015fa\u011f\u0131nda meydana geldi. Edinilen bilgiye g\u00f6re, kahve i\u015fletmecisi Ercan \u00c7. ile Ozanca Mahallesi Muhtar\u0131 Menderes A. aras\u0131nda kahvede huzursuzluk \u00e7\u0131kart\u0131lmas\u0131 nedeniyle&#8230;<\/p>\n","protected":false},"author":1,"featured_media":72090,"comment_status":"open","ping_status":"open","sticky":false,"template":"","format":"standard","meta":{"_crdt_document":"","footnotes":""},"categories":[5],"tags":[],"class_list":["post-72089","post","type-post","status-publish","format-standard","has-post-thumbnail","hentry","category-asayis"],"_links":{"self":[{"href":"https:\/\/www.egemtv.com\/index.php?rest_route=\/wp\/v2\/posts\/72089","targetHints":{"allow":["GET"]}}],"collection":[{"href":"https:\/\/www.egemtv.com\/index.php?rest_route=\/wp\/v2\/posts"}],"about":[{"href":"https:\/\/www.egemtv.com\/index.php?rest_route=\/wp\/v2\/types\/post"}],"author":[{"embeddable":true,"href":"https:\/\/www.egemtv.com\/index.php?rest_route=\/wp\/v2\/users\/1"}],"replies":[{"embeddable":true,"href":"https:\/\/www.egemtv.com\/index.php?rest_route=%2Fwp%2Fv2%2Fcomments&post=72089"}],"version-history":[{"count":1,"href":"https:\/\/www.egemtv.com\/index.php?rest_route=\/wp\/v2\/posts\/72089\/revisions"}],"predecessor-version":[{"id":72091,"href":"https:\/\/www.egemtv.com\/index.php?rest_route=\/wp\/v2\/posts\/72089\/revisions\/72091"}],"wp:featuredmedia":[{"embeddable":true,"href":"https:\/\/www.egemtv.com\/index.php?rest_route=\/wp\/v2\/media\/72090"}],"wp:attachment":[{"href":"https:\/\/www.egemtv.com\/index.php?rest_route=%2Fwp%2Fv2%2Fmedia&parent=72089"}],"wp:term":[{"taxonomy":"category","embeddable":true,"href":"https:\/\/www.egemtv.com\/index.php?rest_route=%2Fwp%2Fv2%2Fcategories&post=72089"},{"taxonomy":"post_tag","embeddable":true,"href":"https:\/\/www.egemtv.com\/index.php?rest_route=%2Fwp%2Fv2%2Ftags&post=72089"}],"curies":[{"name":"wp","href":"https:\/\/api.w.org\/{rel}","templated":true}]}}