{"id":72086,"date":"2025-12-04T21:34:35","date_gmt":"2025-12-04T18:34:35","guid":{"rendered":"https:\/\/www.egemtv.com\/?p=72086"},"modified":"2025-12-04T21:34:36","modified_gmt":"2025-12-04T18:34:36","slug":"manisada-yilbasi-oncesi-kacak-icki-operasyonu","status":"publish","type":"post","link":"https:\/\/www.egemtv.com\/?p=72086","title":{"rendered":"Manisa\u2019da y\u0131lba\u015f\u0131 \u00f6ncesi ka\u00e7ak i\u00e7ki operasyonu"},"content":{"rendered":"<p>Y\u0131lba\u015f\u0131 \u00f6ncesi sahte i\u00e7ki \u00fcretimi ve ticaretine ge\u00e7it vermeyen jandarma, Manisa\u2019n\u0131n Akhisar il\u00e7esinde bir ikamette yapt\u0131\u011f\u0131 operasyonda 430 litre \u015farap ve alkolmetre cihaz\u0131 ele ge\u00e7irdi.<br \/>\n<br \/>Manisa \u0130l Jandarma Komutanl\u0131\u011f\u0131 KOM \u015eube M\u00fcd\u00fcrl\u00fc\u011f\u00fc ekipleri, y\u0131lba\u015f\u0131 \u00f6ncesi sahte ve ka\u00e7ak i\u00e7ki kaynakl\u0131 zehirlenme vakalar\u0131n\u0131n \u00f6nlenmesi, vergi kayb\u0131n\u0131n engellenmesi ve halk sa\u011fl\u0131\u011f\u0131n\u0131n korunmas\u0131 amac\u0131yla y\u00fcr\u00fctt\u00fc\u011f\u00fc \u00e7al\u0131\u015fmalar kapsam\u0131nda Akhisar\u2019da operasyon d\u00fczenledi.<br \/>\n<br \/>Edinilen bilgiye g\u00f6re, H.E. (40\/E) isimli \u015fahs\u0131n Akhisar il\u00e7esindeki ikametinde ve eklentilerinde adli arama yap\u0131ld\u0131. Yap\u0131lan aramalarda 430 litre \u015farap ile 1 adet alkolmetre \u00f6l\u00e7\u00fcm cihaz\u0131 ele ge\u00e7irildi.<br \/>\n<br \/>Ele ge\u00e7irilen ka\u00e7ak i\u00e7kilere el konulurken, \u015f\u00fcpheli \u015fah\u0131s hakk\u0131nda adli i\u015flemlere ba\u015flat\u0131ld\u0131\u011f\u0131 bildirildi.<br \/>\n<br \/>Jandarma ekiplerinin y\u0131lba\u015f\u0131na yakla\u015f\u0131rken denetim ve kontrollerini art\u0131rarak s\u00fcrd\u00fcrece\u011fi \u00f6\u011frenildi.<br \/><\/p>\n","protected":false},"excerpt":{"rendered":"<p>Y\u0131lba\u015f\u0131 \u00f6ncesi sahte i\u00e7ki \u00fcretimi ve ticaretine ge\u00e7it vermeyen jandarma, Manisa\u2019n\u0131n Akhisar il\u00e7esinde bir ikamette yapt\u0131\u011f\u0131 operasyonda 430 litre \u015farap ve alkolmetre cihaz\u0131 ele ge\u00e7irdi. Manisa \u0130l Jandarma Komutanl\u0131\u011f\u0131 KOM \u015eube M\u00fcd\u00fcrl\u00fc\u011f\u00fc ekipleri, y\u0131lba\u015f\u0131 \u00f6ncesi sahte ve ka\u00e7ak i\u00e7ki kaynakl\u0131 zehirlenme vakalar\u0131n\u0131n \u00f6nlenmesi, vergi kayb\u0131n\u0131n engellenmesi ve halk sa\u011fl\u0131\u011f\u0131n\u0131n korunmas\u0131 amac\u0131yla y\u00fcr\u00fctt\u00fc\u011f\u00fc \u00e7al\u0131\u015fmalar kapsam\u0131nda Akhisar\u2019da&#8230;<\/p>\n","protected":false},"author":1,"featured_media":72087,"comment_status":"open","ping_status":"open","sticky":false,"template":"","format":"standard","meta":{"_crdt_document":"","footnotes":""},"categories":[5],"tags":[],"class_list":["post-72086","post","type-post","status-publish","format-standard","has-post-thumbnail","hentry","category-asayis"],"_links":{"self":[{"href":"https:\/\/www.egemtv.com\/index.php?rest_route=\/wp\/v2\/posts\/72086","targetHints":{"allow":["GET"]}}],"collection":[{"href":"https:\/\/www.egemtv.com\/index.php?rest_route=\/wp\/v2\/posts"}],"about":[{"href":"https:\/\/www.egemtv.com\/index.php?rest_route=\/wp\/v2\/types\/post"}],"author":[{"embeddable":true,"href":"https:\/\/www.egemtv.com\/index.php?rest_route=\/wp\/v2\/users\/1"}],"replies":[{"embeddable":true,"href":"https:\/\/www.egemtv.com\/index.php?rest_route=%2Fwp%2Fv2%2Fcomments&post=72086"}],"version-history":[{"count":1,"href":"https:\/\/www.egemtv.com\/index.php?rest_route=\/wp\/v2\/posts\/72086\/revisions"}],"predecessor-version":[{"id":72088,"href":"https:\/\/www.egemtv.com\/index.php?rest_route=\/wp\/v2\/posts\/72086\/revisions\/72088"}],"wp:featuredmedia":[{"embeddable":true,"href":"https:\/\/www.egemtv.com\/index.php?rest_route=\/wp\/v2\/media\/72087"}],"wp:attachment":[{"href":"https:\/\/www.egemtv.com\/index.php?rest_route=%2Fwp%2Fv2%2Fmedia&parent=72086"}],"wp:term":[{"taxonomy":"category","embeddable":true,"href":"https:\/\/www.egemtv.com\/index.php?rest_route=%2Fwp%2Fv2%2Fcategories&post=72086"},{"taxonomy":"post_tag","embeddable":true,"href":"https:\/\/www.egemtv.com\/index.php?rest_route=%2Fwp%2Fv2%2Ftags&post=72086"}],"curies":[{"name":"wp","href":"https:\/\/api.w.org\/{rel}","templated":true}]}}